{"id":233913,"date":"2015-03-11T00:00:00","date_gmt":"2015-03-11T00:00:00","guid":{"rendered":"https:\/\/www.ecuadortimes.net\/es\/ejercito-de-ee-uu-da-por-muertos-a-los-11-militares-del-accidente-de-helicoptero\/"},"modified":"2015-03-11T00:00:00","modified_gmt":"2015-03-11T00:00:00","slug":"ejercito-de-ee-uu-da-por-muertos-a-los-11-militares-del-accidente-de-helicoptero","status":"publish","type":"post","link":"https:\/\/www.ecuadortimes.net\/es\/ejercito-de-ee-uu-da-por-muertos-a-los-11-militares-del-accidente-de-helicoptero\/","title":{"rendered":"Ej\u00e9rcito de EE.UU. da por muertos a los 11 militares del accidente de helic\u00f3ptero"},"content":{"rendered":"<p><a href=\"http:\/\/www.ecuadortimes.net\/es\/wp-content\/uploads\/2015\/03\/Ejercito-EEUU-militares-muertos-accidente-helicoptero.jpeg\"><img loading=\"lazy\" class=\"alignright  wp-image-164275\" src=\"https:\/\/www.ecuadortimes.net\/es\/wp-content\/uploads\/2015\/03\/Ejercito-EEUU-militares-muertos-accidente-helicoptero.jpeg\" alt=\"Ejercito-EEUU-militares-muertos-accidente-helicoptero\" width=\"450\" height=\"289\" \/><\/a>El Ej\u00e9rcito dio por muertos a los 7 marines y 4 soldados desaparecidos desde el mi\u00e9rcoles, indic\u00f3 una fuente militar, tras el accidente de un helic\u00f3ptero militar que se estrell\u00f3 durante un ejercicio nocturno en la base de la fuerza a\u00e9rea Eglin, en el Florida Panhandle.<\/p>\n<p>Se presupon\u00eda que los 11 militares hab\u00edan muerto, dijo la fuente de Pent\u00e1gono, a\u00f1adiendo que la Guardia Costera hab\u00eda encontrado restos del accidente en el agua.<\/p>\n<p>La desaparici\u00f3n de la nave fue reportada alrededor de las 20:30 del martes y equipos de b\u00fasqueda y rescate encontraron restos del accidente en torno a las 2 a.m. del mi\u00e9rcoles, explic\u00f3 el vocero de Eglin, Andy Bourland.<\/p>\n<p>Los marines formaban parte de un grupo de operaciones especiales con sede en Camp Lejeune y los soldados proced\u00edan de la unidad de la Guardia Nacional radicada en Hammond, Louisiana, dijeron funcionarios de la base.<\/p>\n<p>La zona donde tuvo lugar el accidente estaba bajo una alerta por niebla el martes por la noche y las condiciones clim\u00e1ticas se manten\u00edan el mi\u00e9rcoles por la ma\u00f1ana, indic\u00f3 la especialista de asuntos p\u00fablicos de Eglin, Sara Vidoni.<\/p>\n","protected":false},"excerpt":{"rendered":"<p>El Ej\u00e9rcito dio por muertos a los 7 marines y 4 soldados desaparecidos desde el mi\u00e9rcoles, indic\u00f3 una fuente militar, tras el accidente de un helic\u00f3ptero militar que se estrell\u00f3 durante un ejercicio nocturno en la base de la fuerza a\u00e9rea Eglin, en el Florida Panhandle. Se presupon\u00eda que los 11 militares hab\u00edan muerto, dijo la fuente de Pent\u00e1gono, a\u00f1adiendo que la Guardia Costera hab\u00eda encontrado restos del accidente en el agua. La desaparici\u00f3n de la nave fue reportada alrededor de las 20:30 del martes y equipos de b\u00fasqueda y rescate encontraron restos del accidente en torno a las 2 a.m. del mi\u00e9rcoles, explic\u00f3 el vocero de Eglin, Andy Bourland. Los marines formaban parte de un grupo de operaciones especiales con sede en Camp Lejeune y los soldados proced\u00edan de la unidad de la Guardia Nacional radicada en Hammond, Louisiana, dijeron funcionarios de la base. La zona donde tuvo lugar el accidente estaba bajo una alerta por niebla el martes por la noche y las condiciones clim\u00e1ticas se manten\u00edan el mi\u00e9rcoles por la ma\u00f1ana, indic\u00f3 la especialista de asuntos p\u00fablicos de Eglin, Sara Vidoni.<\/p>\n","protected":false},"author":1,"featured_media":233914,"comment_status":"open","ping_status":"open","sticky":false,"template":"","format":"standard","meta":[],"categories":[36,37],"tags":[],"_links":{"self":[{"href":"https:\/\/www.ecuadortimes.net\/es\/wp-json\/wp\/v2\/posts\/233913"}],"collection":[{"href":"https:\/\/www.ecuadortimes.net\/es\/wp-json\/wp\/v2\/posts"}],"about":[{"href":"https:\/\/www.ecuadortimes.net\/es\/wp-json\/wp\/v2\/types\/post"}],"author":[{"embeddable":true,"href":"https:\/\/www.ecuadortimes.net\/es\/wp-json\/wp\/v2\/users\/1"}],"replies":[{"embeddable":true,"href":"https:\/\/www.ecuadortimes.net\/es\/wp-json\/wp\/v2\/comments?post=233913"}],"version-history":[{"count":0,"href":"https:\/\/www.ecuadortimes.net\/es\/wp-json\/wp\/v2\/posts\/233913\/revisions"}],"wp:featuredmedia":[{"embeddable":true,"href":"https:\/\/www.ecuadortimes.net\/es\/wp-json\/wp\/v2\/media\/233914"}],"wp:attachment":[{"href":"https:\/\/www.ecuadortimes.net\/es\/wp-json\/wp\/v2\/media?parent=233913"}],"wp:term":[{"taxonomy":"category","embeddable":true,"href":"https:\/\/www.ecuadortimes.net\/es\/wp-json\/wp\/v2\/categories?post=233913"},{"taxonomy":"post_tag","embeddable":true,"href":"https:\/\/www.ecuadortimes.net\/es\/wp-json\/wp\/v2\/tags?post=233913"}],"curies":[{"name":"wp","href":"https:\/\/api.w.org\/{rel}","templated":true}]}}