{"id":233926,"date":"2015-03-11T00:00:00","date_gmt":"2015-03-11T00:00:00","guid":{"rendered":"https:\/\/www.ecuadortimes.net\/es\/merkel-declina-invitacion-rusa-a-desfile-conmemorativo-de-la-2da-guerra-mundial\/"},"modified":"2015-03-11T00:00:00","modified_gmt":"2015-03-11T00:00:00","slug":"merkel-declina-invitacion-rusa-a-desfile-conmemorativo-de-la-2da-guerra-mundial","status":"publish","type":"post","link":"https:\/\/www.ecuadortimes.net\/es\/merkel-declina-invitacion-rusa-a-desfile-conmemorativo-de-la-2da-guerra-mundial\/","title":{"rendered":"Merkel declina invitaci\u00f3n rusa a desfile conmemorativo de la 2da guerra mundial"},"content":{"rendered":"<div id=\"attachment_164310\" style=\"width: 459px\" class=\"wp-caption alignright\"><a href=\"http:\/\/www.ecuadortimes.net\/es\/wp-content\/uploads\/2015\/03\/Merkel-declina-invitacion-Putin-desfile-segunda-guerra-mundial.jpeg\"><img aria-describedby=\"caption-attachment-164310\" loading=\"lazy\" class=\" wp-image-164310\" src=\"https:\/\/www.ecuadortimes.net\/es\/wp-content\/uploads\/2015\/03\/Merkel-declina-invitacion-Putin-desfile-segunda-guerra-mundial.jpeg\" alt=\"AP\" width=\"449\" height=\"275\" \/><\/a><p id=\"caption-attachment-164310\" class=\"wp-caption-text\">AP<\/p><\/div>\n<p>La canciller alemana Angela Merkel declin\u00f3 la invitaci\u00f3n del presidente ruso Vladimir Putin al desfile militar del 9 de mayo en Mosc\u00fa, organizado para conmemorar el 70\u00ba aniversario de la victoria contra la Alemania nazi en la Segunda Guerra Mundial.<\/p>\n<p>&#8220;La canciller alemana no honrar\u00e1&#8221; la invitaci\u00f3n, pero al d\u00eda siguiente de la conmemoraci\u00f3n en la Plaza Roja viajar\u00e1 a Mosc\u00fa para depositar una ofrenda floral en la tumba del soldado desconocido en compa\u00f1\u00eda de Putin, indic\u00f3 un portavoz del gobierno alem\u00e1n.<\/p>\n<p>Mosc\u00fa prepara para el 9 de mayo un gran desfile militar en la Plaza Roja, con el que se quiere representan la victoria sobre la Alemania nazi.<\/p>\n<p>La decisi\u00f3n de no asistir a la gran conmemoraci\u00f3n del 9 de mayo se adopt\u00f3 &#8220;recientemente&#8221; y la propuesta alternativa ha sido aceptada &#8220;de buen grado&#8221; por parte de Mosc\u00fa, indic\u00f3 la fuente.<\/p>\n<p>Seg\u00fan el portavoz, hasta ahora no se ha recibido formalmente una invitaci\u00f3n para que la canciller alemana participe en las conmemoraciones de ese aniversario organizadas en Polonia el 8 de mayo.<\/p>\n<p>&nbsp;<\/p>\n","protected":false},"excerpt":{"rendered":"<p>La canciller alemana Angela Merkel declin\u00f3 la invitaci\u00f3n del presidente ruso Vladimir Putin al desfile militar del 9 de mayo en Mosc\u00fa, organizado para conmemorar el 70\u00ba aniversario de la victoria contra la Alemania nazi en la Segunda Guerra Mundial. &#8220;La canciller alemana no honrar\u00e1&#8221; la invitaci\u00f3n, pero al d\u00eda siguiente de la conmemoraci\u00f3n en la Plaza Roja viajar\u00e1 a Mosc\u00fa para depositar una ofrenda floral en la tumba del soldado desconocido en compa\u00f1\u00eda de Putin, indic\u00f3 un portavoz del gobierno alem\u00e1n. Mosc\u00fa prepara para el 9 de mayo un gran desfile militar en la Plaza Roja, con el que se quiere representan la victoria sobre la Alemania nazi. La decisi\u00f3n de no asistir a la gran conmemoraci\u00f3n del 9 de mayo se adopt\u00f3 &#8220;recientemente&#8221; y la propuesta alternativa ha sido aceptada &#8220;de buen grado&#8221; por parte de Mosc\u00fa, indic\u00f3 la fuente. Seg\u00fan el portavoz, hasta ahora no se ha recibido formalmente una invitaci\u00f3n para que la canciller alemana participe en las conmemoraciones de ese aniversario organizadas en Polonia el 8 de mayo. &nbsp;<\/p>\n","protected":false},"author":1,"featured_media":233927,"comment_status":"open","ping_status":"open","sticky":false,"template":"","format":"standard","meta":[],"categories":[34,37],"tags":[],"_links":{"self":[{"href":"https:\/\/www.ecuadortimes.net\/es\/wp-json\/wp\/v2\/posts\/233926"}],"collection":[{"href":"https:\/\/www.ecuadortimes.net\/es\/wp-json\/wp\/v2\/posts"}],"about":[{"href":"https:\/\/www.ecuadortimes.net\/es\/wp-json\/wp\/v2\/types\/post"}],"author":[{"embeddable":true,"href":"https:\/\/www.ecuadortimes.net\/es\/wp-json\/wp\/v2\/users\/1"}],"replies":[{"embeddable":true,"href":"https:\/\/www.ecuadortimes.net\/es\/wp-json\/wp\/v2\/comments?post=233926"}],"version-history":[{"count":0,"href":"https:\/\/www.ecuadortimes.net\/es\/wp-json\/wp\/v2\/posts\/233926\/revisions"}],"wp:featuredmedia":[{"embeddable":true,"href":"https:\/\/www.ecuadortimes.net\/es\/wp-json\/wp\/v2\/media\/233927"}],"wp:attachment":[{"href":"https:\/\/www.ecuadortimes.net\/es\/wp-json\/wp\/v2\/media?parent=233926"}],"wp:term":[{"taxonomy":"category","embeddable":true,"href":"https:\/\/www.ecuadortimes.net\/es\/wp-json\/wp\/v2\/categories?post=233926"},{"taxonomy":"post_tag","embeddable":true,"href":"https:\/\/www.ecuadortimes.net\/es\/wp-json\/wp\/v2\/tags?post=233926"}],"curies":[{"name":"wp","href":"https:\/\/api.w.org\/{rel}","templated":true}]}}