{"id":233930,"date":"2015-03-11T00:00:00","date_gmt":"2015-03-11T00:00:00","guid":{"rendered":"https:\/\/www.ecuadortimes.net\/es\/presidente-correa-inauguro-dos-centros-de-salud-en-guayaquil\/"},"modified":"2015-03-11T00:00:00","modified_gmt":"2015-03-11T00:00:00","slug":"presidente-correa-inauguro-dos-centros-de-salud-en-guayaquil","status":"publish","type":"post","link":"https:\/\/www.ecuadortimes.net\/es\/presidente-correa-inauguro-dos-centros-de-salud-en-guayaquil\/","title":{"rendered":"Presidente Correa inaugur\u00f3 dos centros de salud en Guayaquil"},"content":{"rendered":"<p class=\"ecxMsoNormal\"><a href=\"http:\/\/www.ecuadortimes.net\/es\/wp-content\/uploads\/2015\/03\/salud.jpg\"><img loading=\"lazy\" class=\"alignright size-medium wp-image-164314\" src=\"https:\/\/www.ecuadortimes.net\/es\/wp-content\/uploads\/2015\/03\/salud-300x195.jpg\" alt=\"salud\" width=\"300\" height=\"195\" \/><\/a>El presidente Rafael Correa, acompa\u00f1ado de una delegaci\u00f3n de ministras del \u00e1rea social, inaugur\u00f3 la ma\u00f1ana del 10 de marzo, la primera Casa de Acogida Juan El\u00edas\u009d en Guayaquil, la cual brindar\u00e1 atenci\u00f3n en salud a veintisiete j\u00f3venes que hayan superado la fase de desintoxicaci\u00f3n y h\u00e1bitos de consumo de drogas.<\/p>\n<p class=\"ecxMsoNormal\">Seg\u00fan la ministra de Inclusi\u00f3n Econ\u00f3mica y Social, Betty Tola, en los pr\u00f3ximos meses se implementar\u00e1n cinco nuevos centros de acogida en el pa\u00eds, luego de que la muerte de Juan El\u00edas, un adolescente de 13 a\u00f1os que consum\u00eda la droga H\u009d, revelara la falta de atenci\u00f3n y apoyo a los j\u00f3venes v\u00edctimas del consumo de estupefacientes.<\/p>\n<p class=\"ecxMsoNormal\">La Casa de Acogida &#8220;Juan El\u00edas&#8221;, cuenta con \u00e1reas de c\u00f3mputo, de recreaci\u00f3n, centros de capacitaci\u00f3n psicol\u00f3gica, visita familiar, enfermer\u00eda, dormitorios, \u00e1reas verdes, cocina y comedor.<\/p>\n<p class=\"ecxMsoNormal\">Adem\u00e1s,\u00a0la misma delegaci\u00f3n acudi\u00f3 hasta el Cisne 2, una zona popular del sur oeste de Guayaquil para la inauguraci\u00f3n de un Centro de Salud tipo C que atiende a la ciudadan\u00eda desde el 10 de marzo, ofreciendo servicios de obstetricia, una de las \u00e1reas m\u00e1s necesarias para la poblaci\u00f3n de \u00e9ste sector.<\/p>\n","protected":false},"excerpt":{"rendered":"<p>El presidente Rafael Correa, acompa\u00f1ado de una delegaci\u00f3n de ministras del \u00e1rea social, inaugur\u00f3 la ma\u00f1ana del 10 de marzo, la primera Casa de Acogida Juan El\u00edas\u009d en Guayaquil, la cual brindar\u00e1 atenci\u00f3n en salud a veintisiete j\u00f3venes que hayan superado la fase de desintoxicaci\u00f3n y h\u00e1bitos de consumo de drogas. Seg\u00fan la ministra de Inclusi\u00f3n Econ\u00f3mica y Social, Betty Tola, en los pr\u00f3ximos meses se implementar\u00e1n cinco nuevos centros de acogida en el pa\u00eds, luego de que la muerte de Juan El\u00edas, un adolescente de 13 a\u00f1os que consum\u00eda la droga H\u009d, revelara la falta de atenci\u00f3n y apoyo a los j\u00f3venes v\u00edctimas del consumo de estupefacientes. La Casa de Acogida &#8220;Juan El\u00edas&#8221;, cuenta con \u00e1reas de c\u00f3mputo, de recreaci\u00f3n, centros de capacitaci\u00f3n psicol\u00f3gica, visita familiar, enfermer\u00eda, dormitorios, \u00e1reas verdes, cocina y comedor. Adem\u00e1s,\u00a0la misma delegaci\u00f3n acudi\u00f3 hasta el Cisne 2, una zona popular del sur oeste de Guayaquil para la inauguraci\u00f3n de un Centro de Salud tipo C que atiende a la ciudadan\u00eda desde el 10 de marzo, ofreciendo servicios de obstetricia, una de las \u00e1reas m\u00e1s necesarias para la poblaci\u00f3n de \u00e9ste sector.<\/p>\n","protected":false},"author":1,"featured_media":233931,"comment_status":"open","ping_status":"open","sticky":false,"template":"","format":"standard","meta":[],"categories":[35,37],"tags":[],"_links":{"self":[{"href":"https:\/\/www.ecuadortimes.net\/es\/wp-json\/wp\/v2\/posts\/233930"}],"collection":[{"href":"https:\/\/www.ecuadortimes.net\/es\/wp-json\/wp\/v2\/posts"}],"about":[{"href":"https:\/\/www.ecuadortimes.net\/es\/wp-json\/wp\/v2\/types\/post"}],"author":[{"embeddable":true,"href":"https:\/\/www.ecuadortimes.net\/es\/wp-json\/wp\/v2\/users\/1"}],"replies":[{"embeddable":true,"href":"https:\/\/www.ecuadortimes.net\/es\/wp-json\/wp\/v2\/comments?post=233930"}],"version-history":[{"count":0,"href":"https:\/\/www.ecuadortimes.net\/es\/wp-json\/wp\/v2\/posts\/233930\/revisions"}],"wp:featuredmedia":[{"embeddable":true,"href":"https:\/\/www.ecuadortimes.net\/es\/wp-json\/wp\/v2\/media\/233931"}],"wp:attachment":[{"href":"https:\/\/www.ecuadortimes.net\/es\/wp-json\/wp\/v2\/media?parent=233930"}],"wp:term":[{"taxonomy":"category","embeddable":true,"href":"https:\/\/www.ecuadortimes.net\/es\/wp-json\/wp\/v2\/categories?post=233930"},{"taxonomy":"post_tag","embeddable":true,"href":"https:\/\/www.ecuadortimes.net\/es\/wp-json\/wp\/v2\/tags?post=233930"}],"curies":[{"name":"wp","href":"https:\/\/api.w.org\/{rel}","templated":true}]}}