{"id":233936,"date":"2015-03-12T00:00:00","date_gmt":"2015-03-12T00:00:00","guid":{"rendered":"https:\/\/www.ecuadortimes.net\/es\/revision-en-supermercados-aclara-que-no-hay-incrementos-en-los-precios\/"},"modified":"2015-03-12T00:00:00","modified_gmt":"2015-03-12T00:00:00","slug":"revision-en-supermercados-aclara-que-no-hay-incrementos-en-los-precios","status":"publish","type":"post","link":"https:\/\/www.ecuadortimes.net\/es\/revision-en-supermercados-aclara-que-no-hay-incrementos-en-los-precios\/","title":{"rendered":"Revisi\u00f3n en supermercados aclara que no hay incrementos en los precios"},"content":{"rendered":"<p><a href=\"http:\/\/www.ecuadortimes.net\/es\/wp-content\/uploads\/2015\/03\/precios.jpg\"><img loading=\"lazy\" class=\"alignright size-medium wp-image-164326\" src=\"https:\/\/www.ecuadortimes.net\/es\/wp-content\/uploads\/2015\/03\/precios-300x168.jpg\" alt=\"precios\" width=\"300\" height=\"168\" \/><\/a>Un video publicado el 11 de marzo por el ministro del Interior, Jos\u00e9 Serrano, en su cuenta de Twitter donde se ve\u00eda a empleados de un supermercado retirar productos de una percha encendi\u00f3 las alarmas del Gobierno y provoc\u00f3 que la Intendencia de Polic\u00eda realice operativos para evitar una supuesta especulaci\u00f3n, tras la vigencia de las sobretasas arancelarias.<\/p>\n<p>Sobre el video, Serrano public\u00f3: Miren lo que est\u00e1n haciendo especuladores, sacando de las perchas los productos, los cogimos con las manos en la masa\u009d.<\/p>\n<p>Tras los operativos de la Policia, el ministro, a trav\u00e9s de un comunicado, se\u00f1al\u00f3 que no hubo novedades durante los operativos y que los precios se mantienen. Enviamos un mensaje de tranquilidad a la ciudadan\u00eda, la venta de productos en el pa\u00eds se est\u00e1 dando con normalidad y no existen novedades\u009d, expres\u00f3 Serrano.<\/p>\n<p>El comisario sexto de Polic\u00eda, Santiago Franco, visit\u00f3 dos supermercados de la zona de Los Ceibos para verificar las denuncias de la supuesta especulaci\u00f3n.<\/p>\n<p>Seg\u00fan la Intendencia, al igual que Franco, los ocho comisarios de Guayaquil y dos de Dur\u00e1n realizaron controles simult\u00e1neos, en los cuales no se constat\u00f3 irregularidades.<\/p>\n<p>Est\u00e1 normal, hay productos en las perchas y todo est\u00e1 normal con los precios (&#8230;)\u009d, expres\u00f3 Franco, quien agreg\u00f3 que los operativos fueron dispuestos a nivel nacional.<\/p>\n","protected":false},"excerpt":{"rendered":"<p>Un video publicado el 11 de marzo por el ministro del Interior, Jos\u00e9 Serrano, en su cuenta de Twitter donde se ve\u00eda a empleados de un supermercado retirar productos de una percha encendi\u00f3 las alarmas del Gobierno y provoc\u00f3 que la Intendencia de Polic\u00eda realice operativos para evitar una supuesta especulaci\u00f3n, tras la vigencia de las sobretasas arancelarias. Sobre el video, Serrano public\u00f3: Miren lo que est\u00e1n haciendo especuladores, sacando de las perchas los productos, los cogimos con las manos en la masa\u009d. Tras los operativos de la Policia, el ministro, a trav\u00e9s de un comunicado, se\u00f1al\u00f3 que no hubo novedades durante los operativos y que los precios se mantienen. Enviamos un mensaje de tranquilidad a la ciudadan\u00eda, la venta de productos en el pa\u00eds se est\u00e1 dando con normalidad y no existen novedades\u009d, expres\u00f3 Serrano. El comisario sexto de Polic\u00eda, Santiago Franco, visit\u00f3 dos supermercados de la zona de Los Ceibos para verificar las denuncias de la supuesta especulaci\u00f3n. Seg\u00fan la Intendencia, al igual que Franco, los ocho comisarios de Guayaquil y dos de Dur\u00e1n realizaron controles simult\u00e1neos, en los cuales no se constat\u00f3 irregularidades. Est\u00e1 normal, hay productos en las perchas y todo est\u00e1 normal con los precios (&#8230;)\u009d, expres\u00f3 Franco, quien agreg\u00f3 que los operativos fueron dispuestos a nivel nacional.<\/p>\n","protected":false},"author":1,"featured_media":233937,"comment_status":"open","ping_status":"open","sticky":false,"template":"","format":"standard","meta":[],"categories":[54,40],"tags":[],"_links":{"self":[{"href":"https:\/\/www.ecuadortimes.net\/es\/wp-json\/wp\/v2\/posts\/233936"}],"collection":[{"href":"https:\/\/www.ecuadortimes.net\/es\/wp-json\/wp\/v2\/posts"}],"about":[{"href":"https:\/\/www.ecuadortimes.net\/es\/wp-json\/wp\/v2\/types\/post"}],"author":[{"embeddable":true,"href":"https:\/\/www.ecuadortimes.net\/es\/wp-json\/wp\/v2\/users\/1"}],"replies":[{"embeddable":true,"href":"https:\/\/www.ecuadortimes.net\/es\/wp-json\/wp\/v2\/comments?post=233936"}],"version-history":[{"count":0,"href":"https:\/\/www.ecuadortimes.net\/es\/wp-json\/wp\/v2\/posts\/233936\/revisions"}],"wp:featuredmedia":[{"embeddable":true,"href":"https:\/\/www.ecuadortimes.net\/es\/wp-json\/wp\/v2\/media\/233937"}],"wp:attachment":[{"href":"https:\/\/www.ecuadortimes.net\/es\/wp-json\/wp\/v2\/media?parent=233936"}],"wp:term":[{"taxonomy":"category","embeddable":true,"href":"https:\/\/www.ecuadortimes.net\/es\/wp-json\/wp\/v2\/categories?post=233936"},{"taxonomy":"post_tag","embeddable":true,"href":"https:\/\/www.ecuadortimes.net\/es\/wp-json\/wp\/v2\/tags?post=233936"}],"curies":[{"name":"wp","href":"https:\/\/api.w.org\/{rel}","templated":true}]}}