{"id":233938,"date":"2015-03-12T00:00:00","date_gmt":"2015-03-12T00:00:00","guid":{"rendered":"https:\/\/www.ecuadortimes.net\/es\/ee-uu-y-cuba-restablecen-conexion-telefonica-directa\/"},"modified":"2015-03-12T00:00:00","modified_gmt":"2015-03-12T00:00:00","slug":"ee-uu-y-cuba-restablecen-conexion-telefonica-directa","status":"publish","type":"post","link":"https:\/\/www.ecuadortimes.net\/es\/ee-uu-y-cuba-restablecen-conexion-telefonica-directa\/","title":{"rendered":"EE.UU. y Cuba restablecen conexi\u00f3n telef\u00f3nica directa"},"content":{"rendered":"<div id=\"attachment_164328\" style=\"width: 460px\" class=\"wp-caption alignright\"><a href=\"http:\/\/www.ecuadortimes.net\/es\/wp-content\/uploads\/2015\/03\/Cuba-EEUU-reetablecen-conexion-telefonica.jpeg\"><img aria-describedby=\"caption-attachment-164328\" loading=\"lazy\" class=\" wp-image-164328\" src=\"https:\/\/www.ecuadortimes.net\/es\/wp-content\/uploads\/2015\/03\/Cuba-EEUU-reetablecen-conexion-telefonica.jpeg\" alt=\"EFE\" width=\"450\" height=\"309\" \/><\/a><p id=\"caption-attachment-164328\" class=\"wp-caption-text\">EFE<\/p><\/div>\n<p>Estados Unidos y Cuba pusieron en marcha la conexi\u00f3n directa de telecomunicaciones entre ambos pa\u00edses, &#8220;inicialmente&#8221; s\u00f3lo para llamadas telef\u00f3nicas, pero podr\u00eda ampliarse a otros enlaces a futuro, inform\u00f3 este mi\u00e9rcoles la empresa estatal cubana Etecsa.<\/p>\n<p>&#8220;Se ha establecido una interconexi\u00f3n directa entre Estados Unidos y Cuba, inicialmente para el servicio de llamadas internacionales de voz&#8221;, dijo\u00a0 Etecsa, que permitir\u00eda la ampliaci\u00f3n del convenio a otras modalidades de comunicaciones m\u00e1s adelante.<\/p>\n<p>Esta conexi\u00f3n est\u00e1 &#8220;amparado en el acuerdo de servicios suscrito entre la Empresa de Telecomunicaciones de Cuba S.A. Etecsa y la compa\u00f1\u00eda norteamericana IDT Domestic Telecom, Inc. (IDT)&#8221;, a\u00f1adi\u00f3 en una nota de prensa publicada en su portal web.<\/p>\n<p>Este es el primer acuerdo suscrito entre empresas de ambos pa\u00edses despu\u00e9s del restablecimiento de relaciones diplom\u00e1ticas entre EE.UU. y Cuba tras medio siglo de interrupci\u00f3n, anunciada el 17 de diciembre por Barack Obama y Ra\u00fal Castro.<\/p>\n<p>&#8220;El restablecimiento de las comunicaciones directas entre los EE.UU. y Cuba contribuye a ofrecer mayores facilidades y mejor calidad en las comunicaciones entre los pueblos de ambas naciones&#8221;, destac\u00f3 Etecsa.<\/p>\n<p>&nbsp;<\/p>\n","protected":false},"excerpt":{"rendered":"<p>Estados Unidos y Cuba pusieron en marcha la conexi\u00f3n directa de telecomunicaciones entre ambos pa\u00edses, &#8220;inicialmente&#8221; s\u00f3lo para llamadas telef\u00f3nicas, pero podr\u00eda ampliarse a otros enlaces a futuro, inform\u00f3 este mi\u00e9rcoles la empresa estatal cubana Etecsa. &#8220;Se ha establecido una interconexi\u00f3n directa entre Estados Unidos y Cuba, inicialmente para el servicio de llamadas internacionales de voz&#8221;, dijo\u00a0 Etecsa, que permitir\u00eda la ampliaci\u00f3n del convenio a otras modalidades de comunicaciones m\u00e1s adelante. Esta conexi\u00f3n est\u00e1 &#8220;amparado en el acuerdo de servicios suscrito entre la Empresa de Telecomunicaciones de Cuba S.A. Etecsa y la compa\u00f1\u00eda norteamericana IDT Domestic Telecom, Inc. (IDT)&#8221;, a\u00f1adi\u00f3 en una nota de prensa publicada en su portal web. Este es el primer acuerdo suscrito entre empresas de ambos pa\u00edses despu\u00e9s del restablecimiento de relaciones diplom\u00e1ticas entre EE.UU. y Cuba tras medio siglo de interrupci\u00f3n, anunciada el 17 de diciembre por Barack Obama y Ra\u00fal Castro. &#8220;El restablecimiento de las comunicaciones directas entre los EE.UU. y Cuba contribuye a ofrecer mayores facilidades y mejor calidad en las comunicaciones entre los pueblos de ambas naciones&#8221;, destac\u00f3 Etecsa. &nbsp;<\/p>\n","protected":false},"author":1,"featured_media":233939,"comment_status":"open","ping_status":"open","sticky":false,"template":"","format":"standard","meta":[],"categories":[36,37],"tags":[],"_links":{"self":[{"href":"https:\/\/www.ecuadortimes.net\/es\/wp-json\/wp\/v2\/posts\/233938"}],"collection":[{"href":"https:\/\/www.ecuadortimes.net\/es\/wp-json\/wp\/v2\/posts"}],"about":[{"href":"https:\/\/www.ecuadortimes.net\/es\/wp-json\/wp\/v2\/types\/post"}],"author":[{"embeddable":true,"href":"https:\/\/www.ecuadortimes.net\/es\/wp-json\/wp\/v2\/users\/1"}],"replies":[{"embeddable":true,"href":"https:\/\/www.ecuadortimes.net\/es\/wp-json\/wp\/v2\/comments?post=233938"}],"version-history":[{"count":0,"href":"https:\/\/www.ecuadortimes.net\/es\/wp-json\/wp\/v2\/posts\/233938\/revisions"}],"wp:featuredmedia":[{"embeddable":true,"href":"https:\/\/www.ecuadortimes.net\/es\/wp-json\/wp\/v2\/media\/233939"}],"wp:attachment":[{"href":"https:\/\/www.ecuadortimes.net\/es\/wp-json\/wp\/v2\/media?parent=233938"}],"wp:term":[{"taxonomy":"category","embeddable":true,"href":"https:\/\/www.ecuadortimes.net\/es\/wp-json\/wp\/v2\/categories?post=233938"},{"taxonomy":"post_tag","embeddable":true,"href":"https:\/\/www.ecuadortimes.net\/es\/wp-json\/wp\/v2\/tags?post=233938"}],"curies":[{"name":"wp","href":"https:\/\/api.w.org\/{rel}","templated":true}]}}