{"id":233940,"date":"2015-03-12T00:00:00","date_gmt":"2015-03-12T00:00:00","guid":{"rendered":"https:\/\/www.ecuadortimes.net\/es\/tramite-de-la-ley-de-proteccion-animal-provoco-disputas-entre-comerciantes-y-defensores\/"},"modified":"2015-03-12T00:00:00","modified_gmt":"2015-03-12T00:00:00","slug":"tramite-de-la-ley-de-proteccion-animal-provoco-disputas-entre-comerciantes-y-defensores","status":"publish","type":"post","link":"https:\/\/www.ecuadortimes.net\/es\/tramite-de-la-ley-de-proteccion-animal-provoco-disputas-entre-comerciantes-y-defensores\/","title":{"rendered":"Tr\u00e1mite de la ley de protecci\u00f3n animal provoc\u00f3 disputas entre comerciantes y defensores"},"content":{"rendered":"<p><a href=\"http:\/\/www.ecuadortimes.net\/es\/wp-content\/uploads\/2015\/03\/LOBA.jpg\"><img loading=\"lazy\" class=\"alignright size-medium wp-image-164333\" src=\"https:\/\/www.ecuadortimes.net\/es\/wp-content\/uploads\/2015\/03\/LOBA-300x203.jpg\" alt=\"LOBA\" width=\"300\" height=\"203\" \/><\/a>Comerciantes y defensores de animales se disputaron en las calles este 11 de marzo en las afueras de la Asamblea, mientras se tramitaba el debate a la Ley de Bienestar Animal (LOBA), presentada el pasado octubre por colectivos protectores de los animales.<\/p>\n<div>Los ambientalistas exigieron que la norma sea aprobada de manera independiente y no como parte del C\u00f3digo de Ambiente. Los vendedores reclamaron sus derechos. &#8220;Trabajamos dignamente: la venta de mascotas no es un delito&#8221;, dijeron. &#8220;Los animales no son mercanc\u00eda&#8221;, fue la respuesta.<\/div>\n<div>\n<p>Javier Vargas, director de Sanidad Animal, explic\u00f3 que con la norma se regular\u00e1 la producci\u00f3n, el predio y el transporte para el faenamiento. &#8220;Debemos hacer una relaci\u00f3n entre la salud p\u00fablica y la del animal&#8221;, dijo.<\/p>\n<p>Aunque tambi\u00e9n se identific\u00f3 algunos vac\u00edos, uno de ellos la definici\u00f3n de animales &#8216;abandonados&#8217;. Carmen Velasco, directora de Salud Ambiental, sugiri\u00f3 que se incluya una definici\u00f3n t\u00e9cnica de los t\u00e9rminos. Es importante, dijo, ver las circunstancias y estar seguros para seguir con un procedimiento.<\/p>\n<\/div>\n","protected":false},"excerpt":{"rendered":"<p>Comerciantes y defensores de animales se disputaron en las calles este 11 de marzo en las afueras de la Asamblea, mientras se tramitaba el debate a la Ley de Bienestar Animal (LOBA), presentada el pasado octubre por colectivos protectores de los animales. Los ambientalistas exigieron que la norma sea aprobada de manera independiente y no como parte del C\u00f3digo de Ambiente. Los vendedores reclamaron sus derechos. &#8220;Trabajamos dignamente: la venta de mascotas no es un delito&#8221;, dijeron. &#8220;Los animales no son mercanc\u00eda&#8221;, fue la respuesta. Javier Vargas, director de Sanidad Animal, explic\u00f3 que con la norma se regular\u00e1 la producci\u00f3n, el predio y el transporte para el faenamiento. &#8220;Debemos hacer una relaci\u00f3n entre la salud p\u00fablica y la del animal&#8221;, dijo. Aunque tambi\u00e9n se identific\u00f3 algunos vac\u00edos, uno de ellos la definici\u00f3n de animales &#8216;abandonados&#8217;. Carmen Velasco, directora de Salud Ambiental, sugiri\u00f3 que se incluya una definici\u00f3n t\u00e9cnica de los t\u00e9rminos. Es importante, dijo, ver las circunstancias y estar seguros para seguir con un procedimiento.<\/p>\n","protected":false},"author":1,"featured_media":233941,"comment_status":"open","ping_status":"open","sticky":false,"template":"","format":"standard","meta":[],"categories":[40,37],"tags":[],"_links":{"self":[{"href":"https:\/\/www.ecuadortimes.net\/es\/wp-json\/wp\/v2\/posts\/233940"}],"collection":[{"href":"https:\/\/www.ecuadortimes.net\/es\/wp-json\/wp\/v2\/posts"}],"about":[{"href":"https:\/\/www.ecuadortimes.net\/es\/wp-json\/wp\/v2\/types\/post"}],"author":[{"embeddable":true,"href":"https:\/\/www.ecuadortimes.net\/es\/wp-json\/wp\/v2\/users\/1"}],"replies":[{"embeddable":true,"href":"https:\/\/www.ecuadortimes.net\/es\/wp-json\/wp\/v2\/comments?post=233940"}],"version-history":[{"count":0,"href":"https:\/\/www.ecuadortimes.net\/es\/wp-json\/wp\/v2\/posts\/233940\/revisions"}],"wp:featuredmedia":[{"embeddable":true,"href":"https:\/\/www.ecuadortimes.net\/es\/wp-json\/wp\/v2\/media\/233941"}],"wp:attachment":[{"href":"https:\/\/www.ecuadortimes.net\/es\/wp-json\/wp\/v2\/media?parent=233940"}],"wp:term":[{"taxonomy":"category","embeddable":true,"href":"https:\/\/www.ecuadortimes.net\/es\/wp-json\/wp\/v2\/categories?post=233940"},{"taxonomy":"post_tag","embeddable":true,"href":"https:\/\/www.ecuadortimes.net\/es\/wp-json\/wp\/v2\/tags?post=233940"}],"curies":[{"name":"wp","href":"https:\/\/api.w.org\/{rel}","templated":true}]}}