{"id":233945,"date":"2015-03-12T00:00:00","date_gmt":"2015-03-12T00:00:00","guid":{"rendered":"https:\/\/www.ecuadortimes.net\/es\/cordicom-anuncio-su-inquietud-por-el-tratamiento-informativo-para-las-salvaguardias\/"},"modified":"2015-03-12T00:00:00","modified_gmt":"2015-03-12T00:00:00","slug":"cordicom-anuncio-su-inquietud-por-el-tratamiento-informativo-para-las-salvaguardias","status":"publish","type":"post","link":"https:\/\/www.ecuadortimes.net\/es\/cordicom-anuncio-su-inquietud-por-el-tratamiento-informativo-para-las-salvaguardias\/","title":{"rendered":"Cordicom anunci\u00f3 su inquietud por el tratamiento informativo para las salvaguardias"},"content":{"rendered":"<p class=\"ecxMsoNormal\"><span lang=\"ES\"><a href=\"http:\/\/www.ecuadortimes.net\/es\/wp-content\/uploads\/2015\/03\/Screen-Shot-2015-03-12-at-12.41.54.png\"><img loading=\"lazy\" class=\"alignright size-medium wp-image-164355\" src=\"https:\/\/www.ecuadortimes.net\/es\/wp-content\/uploads\/2015\/03\/Screen-Shot-2015-03-12-at-12.41.54-300x143.png\" alt=\"Screen Shot 2015-03-12 at 12.41.54\" width=\"300\" height=\"143\" \/><\/a>El Consejo de Regulaci\u00f3n de la Comunicaci\u00f3n (Cordicom) anunci\u00f3 ayer su inquietud\u009d por el tratamiento informativo que ciertos medios de comunicaci\u00f3n\u009d habr\u00edan dado al tema de las salvaguardias.<\/span><\/p>\n<p class=\"ecxMsoNormal\"><span lang=\"ES\">El comunicado se\u00f1ala el tratamiento informativo que han asumido ciertos medios de comunicaci\u00f3n social (\u00a6) induce a una comprensi\u00f3n parcializada sobre las decisiones econ\u00f3micas adoptadas por el Estado ecuatoriano\u009d.\u00a0<\/span><\/p>\n<p class=\"ecxMsoNormal\"><span lang=\"ES\">Seg\u00fan el an\u00e1lisis realizado por la Cordicom, tanto los titulares de las notas como en el cuerpo de las noticias se mostrar\u00edan con enfoques especulativos y sin mayor inter\u00e9s por profundizar en la explicaci\u00f3n del alcance de la medida que, seg\u00fan fuente oficial, apenas involucra un tercio del 9% del total de bienes ofertados en el mercado\u009d.<\/span><\/p>\n","protected":false},"excerpt":{"rendered":"<p>El Consejo de Regulaci\u00f3n de la Comunicaci\u00f3n (Cordicom) anunci\u00f3 ayer su inquietud\u009d por el tratamiento informativo que ciertos medios de comunicaci\u00f3n\u009d habr\u00edan dado al tema de las salvaguardias. El comunicado se\u00f1ala el tratamiento informativo que han asumido ciertos medios de comunicaci\u00f3n social (\u00a6) induce a una comprensi\u00f3n parcializada sobre las decisiones econ\u00f3micas adoptadas por el Estado ecuatoriano\u009d.\u00a0 Seg\u00fan el an\u00e1lisis realizado por la Cordicom, tanto los titulares de las notas como en el cuerpo de las noticias se mostrar\u00edan con enfoques especulativos y sin mayor inter\u00e9s por profundizar en la explicaci\u00f3n del alcance de la medida que, seg\u00fan fuente oficial, apenas involucra un tercio del 9% del total de bienes ofertados en el mercado\u009d.<\/p>\n","protected":false},"author":1,"featured_media":0,"comment_status":"open","ping_status":"open","sticky":false,"template":"","format":"standard","meta":[],"categories":[41,37],"tags":[],"_links":{"self":[{"href":"https:\/\/www.ecuadortimes.net\/es\/wp-json\/wp\/v2\/posts\/233945"}],"collection":[{"href":"https:\/\/www.ecuadortimes.net\/es\/wp-json\/wp\/v2\/posts"}],"about":[{"href":"https:\/\/www.ecuadortimes.net\/es\/wp-json\/wp\/v2\/types\/post"}],"author":[{"embeddable":true,"href":"https:\/\/www.ecuadortimes.net\/es\/wp-json\/wp\/v2\/users\/1"}],"replies":[{"embeddable":true,"href":"https:\/\/www.ecuadortimes.net\/es\/wp-json\/wp\/v2\/comments?post=233945"}],"version-history":[{"count":0,"href":"https:\/\/www.ecuadortimes.net\/es\/wp-json\/wp\/v2\/posts\/233945\/revisions"}],"wp:attachment":[{"href":"https:\/\/www.ecuadortimes.net\/es\/wp-json\/wp\/v2\/media?parent=233945"}],"wp:term":[{"taxonomy":"category","embeddable":true,"href":"https:\/\/www.ecuadortimes.net\/es\/wp-json\/wp\/v2\/categories?post=233945"},{"taxonomy":"post_tag","embeddable":true,"href":"https:\/\/www.ecuadortimes.net\/es\/wp-json\/wp\/v2\/tags?post=233945"}],"curies":[{"name":"wp","href":"https:\/\/api.w.org\/{rel}","templated":true}]}}