{"id":233946,"date":"2015-03-12T00:00:00","date_gmt":"2015-03-12T00:00:00","guid":{"rendered":"https:\/\/www.ecuadortimes.net\/es\/catalogo-de-inversiones-2015-2017-fue-presentado\/"},"modified":"2015-03-12T00:00:00","modified_gmt":"2015-03-12T00:00:00","slug":"catalogo-de-inversiones-2015-2017-fue-presentado","status":"publish","type":"post","link":"https:\/\/www.ecuadortimes.net\/es\/catalogo-de-inversiones-2015-2017-fue-presentado\/","title":{"rendered":"Cat\u00e1logo de Inversiones 2015-2017 fue presentado"},"content":{"rendered":"<p><a href=\"http:\/\/www.ecuadortimes.net\/es\/wp-content\/uploads\/2015\/03\/catalogo.jpg\"><img loading=\"lazy\" class=\"alignright size-medium wp-image-164348\" src=\"https:\/\/www.ecuadortimes.net\/es\/wp-content\/uploads\/2015\/03\/catalogo-300x200.jpg\" alt=\"catalogo\" width=\"300\" height=\"200\" \/><\/a>El Ministerio Coordinador de Sectores Estrat\u00e9gicos present\u00f3 la noche del 11 de marzo el Cat\u00e1logo de Inversiones 2015-2017, con la presencia de representantes de gremios empresariales, c\u00e1maras de la producci\u00f3n y titulares de varias carteras de Estado.<\/p>\n<p>El documento recoge las oportunidades de inversi\u00f3n que oferta Ecuador para el desarrollo de nuevos proyectos en sectores como miner\u00eda, hidrocarburos, recursos h\u00eddricos, telecomunicaciones e industrias b\u00e1sicas.<\/p>\n<p>Rafael Poveda Bonilla, ministro coordinador de Sectores Estrat\u00e9gicos, dijo que la apuesta del Gobierno desde 2007 fue emprender una reforma estructural, a trav\u00e9s de una fuerte inversi\u00f3n p\u00fablica y del trabajo coordinado entre el sector p\u00fablico y privado. El ministro inform\u00f3 que se\u00a0invertir\u00e1n $ 37.000 millones en los pr\u00f3ximos a\u00f1os para impulsar el desarrollo de sectores considerados estrat\u00e9gicos, que incluyen las industrias b\u00e1sicas, el sector minero, petrolero, energ\u00e9tico y de telecomunicaciones, entre otros.<\/p>\n","protected":false},"excerpt":{"rendered":"<p>El Ministerio Coordinador de Sectores Estrat\u00e9gicos present\u00f3 la noche del 11 de marzo el Cat\u00e1logo de Inversiones 2015-2017, con la presencia de representantes de gremios empresariales, c\u00e1maras de la producci\u00f3n y titulares de varias carteras de Estado. El documento recoge las oportunidades de inversi\u00f3n que oferta Ecuador para el desarrollo de nuevos proyectos en sectores como miner\u00eda, hidrocarburos, recursos h\u00eddricos, telecomunicaciones e industrias b\u00e1sicas. Rafael Poveda Bonilla, ministro coordinador de Sectores Estrat\u00e9gicos, dijo que la apuesta del Gobierno desde 2007 fue emprender una reforma estructural, a trav\u00e9s de una fuerte inversi\u00f3n p\u00fablica y del trabajo coordinado entre el sector p\u00fablico y privado. El ministro inform\u00f3 que se\u00a0invertir\u00e1n $ 37.000 millones en los pr\u00f3ximos a\u00f1os para impulsar el desarrollo de sectores considerados estrat\u00e9gicos, que incluyen las industrias b\u00e1sicas, el sector minero, petrolero, energ\u00e9tico y de telecomunicaciones, entre otros.<\/p>\n","protected":false},"author":1,"featured_media":233947,"comment_status":"open","ping_status":"open","sticky":false,"template":"","format":"standard","meta":[],"categories":[43,37],"tags":[],"_links":{"self":[{"href":"https:\/\/www.ecuadortimes.net\/es\/wp-json\/wp\/v2\/posts\/233946"}],"collection":[{"href":"https:\/\/www.ecuadortimes.net\/es\/wp-json\/wp\/v2\/posts"}],"about":[{"href":"https:\/\/www.ecuadortimes.net\/es\/wp-json\/wp\/v2\/types\/post"}],"author":[{"embeddable":true,"href":"https:\/\/www.ecuadortimes.net\/es\/wp-json\/wp\/v2\/users\/1"}],"replies":[{"embeddable":true,"href":"https:\/\/www.ecuadortimes.net\/es\/wp-json\/wp\/v2\/comments?post=233946"}],"version-history":[{"count":0,"href":"https:\/\/www.ecuadortimes.net\/es\/wp-json\/wp\/v2\/posts\/233946\/revisions"}],"wp:featuredmedia":[{"embeddable":true,"href":"https:\/\/www.ecuadortimes.net\/es\/wp-json\/wp\/v2\/media\/233947"}],"wp:attachment":[{"href":"https:\/\/www.ecuadortimes.net\/es\/wp-json\/wp\/v2\/media?parent=233946"}],"wp:term":[{"taxonomy":"category","embeddable":true,"href":"https:\/\/www.ecuadortimes.net\/es\/wp-json\/wp\/v2\/categories?post=233946"},{"taxonomy":"post_tag","embeddable":true,"href":"https:\/\/www.ecuadortimes.net\/es\/wp-json\/wp\/v2\/tags?post=233946"}],"curies":[{"name":"wp","href":"https:\/\/api.w.org\/{rel}","templated":true}]}}