{"id":233950,"date":"2015-03-12T00:00:00","date_gmt":"2015-03-12T00:00:00","guid":{"rendered":"https:\/\/www.ecuadortimes.net\/es\/eurocamara-reclama-la-liberacion-de-presos-politicos-a-gobierno-venezolano\/"},"modified":"2015-03-12T00:00:00","modified_gmt":"2015-03-12T00:00:00","slug":"eurocamara-reclama-la-liberacion-de-presos-politicos-a-gobierno-venezolano","status":"publish","type":"post","link":"https:\/\/www.ecuadortimes.net\/es\/eurocamara-reclama-la-liberacion-de-presos-politicos-a-gobierno-venezolano\/","title":{"rendered":"Euroc\u00e1mara reclama la liberaci\u00f3n de presos pol\u00edticos a gobierno venezolano"},"content":{"rendered":"<p><a href=\"http:\/\/www.ecuadortimes.net\/es\/wp-content\/uploads\/2015\/03\/Eurocamara-reclama-Venezuela-liberacion-presos-politicos.jpeg\"><img loading=\"lazy\" class=\"alignright  wp-image-164360\" src=\"https:\/\/www.ecuadortimes.net\/es\/wp-content\/uploads\/2015\/03\/Eurocamara-reclama-Venezuela-liberacion-presos-politicos.jpeg\" alt=\"Eurocamara-reclama-Venezuela-liberacion-presos-politicos\" width=\"450\" height=\"301\" \/><\/a>La Euroc\u00e1mara reclam\u00f3 este jueves al Gobierno venezolano de Nicol\u00e1s Maduro que libere inmediatamente al alcalde de Caracas, Antonio Ledezma, as\u00ed como a Daniel Ceballos y a todos los opositores pac\u00edficos y estudiantes y manifestantes detenidos &#8220;arbitrariamente&#8221; por las autoridades.<\/p>\n<p>En una resoluci\u00f3n conjunta de los cuatro principales grupos de la Euroc\u00e1mara los eurodiputados mostraron su &#8220;profunda preocupaci\u00f3n por el deterioro de la situaci\u00f3n en Venezuela y el uso de violencia contra los manifestantes&#8221;.<\/p>\n<p>El texto conjunto firmado por populares (PPE), socialdem\u00f3cratas (S&amp;D), conservadores y reformistas (ECR) y liberales (ALDE) llama a &#8220;poner fin a la persecuci\u00f3n pol\u00edtica y a la represi\u00f3n de la oposici\u00f3n democr\u00e1tica&#8221; y urge eliminar &#8220;la censura en los medios de comunicaci\u00f3n&#8221;.<\/p>\n<p>Sobre las detenciones, reclaman que se lleven a cabo investigaciones r\u00e1pidas e imparciales en respeto al principio de presunci\u00f3n de inocencia.<\/p>\n<p>Igualmente, recuerdan la importancia de la independencia del poder judicial y de la separaci\u00f3n de poderes para una democracia y se\u00f1alan que la Justicia &#8220;no puede ser un arma pol\u00edtica&#8221;.<\/p>\n","protected":false},"excerpt":{"rendered":"<p>La Euroc\u00e1mara reclam\u00f3 este jueves al Gobierno venezolano de Nicol\u00e1s Maduro que libere inmediatamente al alcalde de Caracas, Antonio Ledezma, as\u00ed como a Daniel Ceballos y a todos los opositores pac\u00edficos y estudiantes y manifestantes detenidos &#8220;arbitrariamente&#8221; por las autoridades. En una resoluci\u00f3n conjunta de los cuatro principales grupos de la Euroc\u00e1mara los eurodiputados mostraron su &#8220;profunda preocupaci\u00f3n por el deterioro de la situaci\u00f3n en Venezuela y el uso de violencia contra los manifestantes&#8221;. El texto conjunto firmado por populares (PPE), socialdem\u00f3cratas (S&amp;D), conservadores y reformistas (ECR) y liberales (ALDE) llama a &#8220;poner fin a la persecuci\u00f3n pol\u00edtica y a la represi\u00f3n de la oposici\u00f3n democr\u00e1tica&#8221; y urge eliminar &#8220;la censura en los medios de comunicaci\u00f3n&#8221;. Sobre las detenciones, reclaman que se lleven a cabo investigaciones r\u00e1pidas e imparciales en respeto al principio de presunci\u00f3n de inocencia. Igualmente, recuerdan la importancia de la independencia del poder judicial y de la separaci\u00f3n de poderes para una democracia y se\u00f1alan que la Justicia &#8220;no puede ser un arma pol\u00edtica&#8221;.<\/p>\n","protected":false},"author":1,"featured_media":233951,"comment_status":"open","ping_status":"open","sticky":false,"template":"","format":"standard","meta":[],"categories":[34,37],"tags":[],"_links":{"self":[{"href":"https:\/\/www.ecuadortimes.net\/es\/wp-json\/wp\/v2\/posts\/233950"}],"collection":[{"href":"https:\/\/www.ecuadortimes.net\/es\/wp-json\/wp\/v2\/posts"}],"about":[{"href":"https:\/\/www.ecuadortimes.net\/es\/wp-json\/wp\/v2\/types\/post"}],"author":[{"embeddable":true,"href":"https:\/\/www.ecuadortimes.net\/es\/wp-json\/wp\/v2\/users\/1"}],"replies":[{"embeddable":true,"href":"https:\/\/www.ecuadortimes.net\/es\/wp-json\/wp\/v2\/comments?post=233950"}],"version-history":[{"count":0,"href":"https:\/\/www.ecuadortimes.net\/es\/wp-json\/wp\/v2\/posts\/233950\/revisions"}],"wp:featuredmedia":[{"embeddable":true,"href":"https:\/\/www.ecuadortimes.net\/es\/wp-json\/wp\/v2\/media\/233951"}],"wp:attachment":[{"href":"https:\/\/www.ecuadortimes.net\/es\/wp-json\/wp\/v2\/media?parent=233950"}],"wp:term":[{"taxonomy":"category","embeddable":true,"href":"https:\/\/www.ecuadortimes.net\/es\/wp-json\/wp\/v2\/categories?post=233950"},{"taxonomy":"post_tag","embeddable":true,"href":"https:\/\/www.ecuadortimes.net\/es\/wp-json\/wp\/v2\/tags?post=233950"}],"curies":[{"name":"wp","href":"https:\/\/api.w.org\/{rel}","templated":true}]}}