{"id":233952,"date":"2015-03-12T00:00:00","date_gmt":"2015-03-12T00:00:00","guid":{"rendered":"https:\/\/www.ecuadortimes.net\/es\/gobierno-se-reunio-con-empresarios-para-ajustar-agenda-de-trabajo-conjunto\/"},"modified":"2015-03-12T00:00:00","modified_gmt":"2015-03-12T00:00:00","slug":"gobierno-se-reunio-con-empresarios-para-ajustar-agenda-de-trabajo-conjunto","status":"publish","type":"post","link":"https:\/\/www.ecuadortimes.net\/es\/gobierno-se-reunio-con-empresarios-para-ajustar-agenda-de-trabajo-conjunto\/","title":{"rendered":"Gobierno se reuni\u00f3 con empresarios para ajustar agenda de trabajo conjunto"},"content":{"rendered":"<p class=\"ecxMsoNormal\"><span lang=\"ES\"><span style=\"font-family: 'Times New Roman', sans-serif; font-size: medium;\"><a href=\"http:\/\/www.ecuadortimes.net\/es\/wp-content\/uploads\/2015\/03\/Ministro-coordinador-de-la-produccion.jpg\"><img loading=\"lazy\" class=\"alignright size-medium wp-image-164366\" src=\"https:\/\/www.ecuadortimes.net\/es\/wp-content\/uploads\/2015\/03\/Ministro-coordinador-de-la-produccion-300x214.jpg\" alt=\"Ministro-coordinador-de-la-produccion\" width=\"300\" height=\"214\" \/><\/a><\/span><\/span><\/p>\n<p><span lang=\"ES\">El Ministro Coordinador de la Producci\u00f3n, Richard Espinosa, se reuni\u00f3 con representantes del sector industrial con el fin de tratar de definir la hoja de ruta que tendr\u00e1n las propuestas presentadas por los empresarios al Presidente de la Rep\u00fablica, Rafael Correa, la semana pasada.<\/span><\/p>\n<p><span lang=\"ES\">Espinosa indic\u00f3 que esta reuni\u00f3n fue para definir las fechas exactas en las que se cumplir\u00e1n cada una de las partes del acuerdo. El ministro se\u00f1al\u00f3 que la siguiente semana se reunir\u00e1 el Consejo Consultivo de la Producci\u00f3n y en base a eso se definir\u00e1 el plan de trabajo que debe ser presentado al Presidente en 2 semanas para su aprobaci\u00f3n.<\/span><\/p>\n<p><span lang=\"ES\">Adem\u00e1s, el funcionario a\u00f1adi\u00f3 que existir\u00eda un 98% de coincidencias entre las 2 partes.<\/span><\/p>\n","protected":false},"excerpt":{"rendered":"<p>El Ministro Coordinador de la Producci\u00f3n, Richard Espinosa, se reuni\u00f3 con representantes del sector industrial con el fin de tratar de definir la hoja de ruta que tendr\u00e1n las propuestas presentadas por los empresarios al Presidente de la Rep\u00fablica, Rafael Correa, la semana pasada. Espinosa indic\u00f3 que esta reuni\u00f3n fue para definir las fechas exactas en las que se cumplir\u00e1n cada una de las partes del acuerdo. El ministro se\u00f1al\u00f3 que la siguiente semana se reunir\u00e1 el Consejo Consultivo de la Producci\u00f3n y en base a eso se definir\u00e1 el plan de trabajo que debe ser presentado al Presidente en 2 semanas para su aprobaci\u00f3n. Adem\u00e1s, el funcionario a\u00f1adi\u00f3 que existir\u00eda un 98% de coincidencias entre las 2 partes.<\/p>\n","protected":false},"author":1,"featured_media":233953,"comment_status":"open","ping_status":"open","sticky":false,"template":"","format":"standard","meta":[],"categories":[40,37],"tags":[],"_links":{"self":[{"href":"https:\/\/www.ecuadortimes.net\/es\/wp-json\/wp\/v2\/posts\/233952"}],"collection":[{"href":"https:\/\/www.ecuadortimes.net\/es\/wp-json\/wp\/v2\/posts"}],"about":[{"href":"https:\/\/www.ecuadortimes.net\/es\/wp-json\/wp\/v2\/types\/post"}],"author":[{"embeddable":true,"href":"https:\/\/www.ecuadortimes.net\/es\/wp-json\/wp\/v2\/users\/1"}],"replies":[{"embeddable":true,"href":"https:\/\/www.ecuadortimes.net\/es\/wp-json\/wp\/v2\/comments?post=233952"}],"version-history":[{"count":0,"href":"https:\/\/www.ecuadortimes.net\/es\/wp-json\/wp\/v2\/posts\/233952\/revisions"}],"wp:featuredmedia":[{"embeddable":true,"href":"https:\/\/www.ecuadortimes.net\/es\/wp-json\/wp\/v2\/media\/233953"}],"wp:attachment":[{"href":"https:\/\/www.ecuadortimes.net\/es\/wp-json\/wp\/v2\/media?parent=233952"}],"wp:term":[{"taxonomy":"category","embeddable":true,"href":"https:\/\/www.ecuadortimes.net\/es\/wp-json\/wp\/v2\/categories?post=233952"},{"taxonomy":"post_tag","embeddable":true,"href":"https:\/\/www.ecuadortimes.net\/es\/wp-json\/wp\/v2\/tags?post=233952"}],"curies":[{"name":"wp","href":"https:\/\/api.w.org\/{rel}","templated":true}]}}