{"id":233954,"date":"2015-03-12T00:00:00","date_gmt":"2015-03-12T00:00:00","guid":{"rendered":"https:\/\/www.ecuadortimes.net\/es\/correa-aclara-que-aranceles-no-afectan-a-los-pobres-y-derogara-uso-de-camaras-en-moteles\/"},"modified":"2015-03-12T00:00:00","modified_gmt":"2015-03-12T00:00:00","slug":"correa-aclara-que-aranceles-no-afectan-a-los-pobres-y-derogara-uso-de-camaras-en-moteles","status":"publish","type":"post","link":"https:\/\/www.ecuadortimes.net\/es\/correa-aclara-que-aranceles-no-afectan-a-los-pobres-y-derogara-uso-de-camaras-en-moteles\/","title":{"rendered":"Correa aclara que aranceles no afectan a los pobres y derogar\u00e1 uso de c\u00e1maras en moteles"},"content":{"rendered":"<p class=\"ecxMsoNormal\"><span style=\"color: #000000;\"><a href=\"http:\/\/www.ecuadortimes.net\/es\/wp-content\/uploads\/2015\/03\/correa.jpg\"><img loading=\"lazy\" class=\"alignright size-medium wp-image-164364\" src=\"https:\/\/www.ecuadortimes.net\/es\/wp-content\/uploads\/2015\/03\/correa-300x194.jpg\" alt=\"correa\" width=\"300\" height=\"194\" \/><\/a>El presidente Rafael Correa asegur\u00f3, este 11 de marzo en Manab\u00ed, que los nuevos aranceles no afectar\u00e1n a los m\u00e1s pobres. Tambi\u00e9n dijo que ordenar\u00e1 que \u0098se derogue\u0099 la medida que busca implementar c\u00e1maras en moteles.<\/span><\/p>\n<p class=\"ecxMsoNormal\"><span style=\"color: #000000;\">Correa manifest\u00f3 que los nuevos aranceles, que rigen desde el 11 de marzo sobre 2 800 partidas de bienes y grupos de productos importados, no afectar\u00e1n a los m\u00e1s pobres. &#8220;\u00bfCu\u00e1ntos pobres no consumen las manzanas de Ambato sino las importadas?&#8221;, cuestion\u00f3 Correa. Tambi\u00e9n asegur\u00f3 que las salvaguardias no se aplicar\u00e1n a bienes de consumo masivo.<\/span><\/p>\n<p class=\"ecxMsoNormal\"><span style=\"color: #000000;\">De la misma manera asegur\u00f3 que las salvaguardias se han puesto en las partidas donde hay producci\u00f3n nacional\u009d.\u00a0<\/span><\/p>\n<p class=\"ecxMsoNormal\"><span style=\"color: #000000;\">En cuanto a la medida de las c\u00e1maras en los moteles se refiri\u00f3 diciendo: Eso ser\u00eda invadir la privacidad de los ciudadanos\u009d, pero aclar\u00f3 que pedir\u00e1 que estos establecimientos cuenten con guardias de seguridad.<\/span><\/p>\n","protected":false},"excerpt":{"rendered":"<p>El presidente Rafael Correa asegur\u00f3, este 11 de marzo en Manab\u00ed, que los nuevos aranceles no afectar\u00e1n a los m\u00e1s pobres. Tambi\u00e9n dijo que ordenar\u00e1 que \u0098se derogue\u0099 la medida que busca implementar c\u00e1maras en moteles. Correa manifest\u00f3 que los nuevos aranceles, que rigen desde el 11 de marzo sobre 2 800 partidas de bienes y grupos de productos importados, no afectar\u00e1n a los m\u00e1s pobres. &#8220;\u00bfCu\u00e1ntos pobres no consumen las manzanas de Ambato sino las importadas?&#8221;, cuestion\u00f3 Correa. Tambi\u00e9n asegur\u00f3 que las salvaguardias no se aplicar\u00e1n a bienes de consumo masivo. De la misma manera asegur\u00f3 que las salvaguardias se han puesto en las partidas donde hay producci\u00f3n nacional\u009d.\u00a0 En cuanto a la medida de las c\u00e1maras en los moteles se refiri\u00f3 diciendo: Eso ser\u00eda invadir la privacidad de los ciudadanos\u009d, pero aclar\u00f3 que pedir\u00e1 que estos establecimientos cuenten con guardias de seguridad.<\/p>\n","protected":false},"author":1,"featured_media":233955,"comment_status":"open","ping_status":"open","sticky":false,"template":"","format":"standard","meta":[],"categories":[40,37],"tags":[],"_links":{"self":[{"href":"https:\/\/www.ecuadortimes.net\/es\/wp-json\/wp\/v2\/posts\/233954"}],"collection":[{"href":"https:\/\/www.ecuadortimes.net\/es\/wp-json\/wp\/v2\/posts"}],"about":[{"href":"https:\/\/www.ecuadortimes.net\/es\/wp-json\/wp\/v2\/types\/post"}],"author":[{"embeddable":true,"href":"https:\/\/www.ecuadortimes.net\/es\/wp-json\/wp\/v2\/users\/1"}],"replies":[{"embeddable":true,"href":"https:\/\/www.ecuadortimes.net\/es\/wp-json\/wp\/v2\/comments?post=233954"}],"version-history":[{"count":0,"href":"https:\/\/www.ecuadortimes.net\/es\/wp-json\/wp\/v2\/posts\/233954\/revisions"}],"wp:featuredmedia":[{"embeddable":true,"href":"https:\/\/www.ecuadortimes.net\/es\/wp-json\/wp\/v2\/media\/233955"}],"wp:attachment":[{"href":"https:\/\/www.ecuadortimes.net\/es\/wp-json\/wp\/v2\/media?parent=233954"}],"wp:term":[{"taxonomy":"category","embeddable":true,"href":"https:\/\/www.ecuadortimes.net\/es\/wp-json\/wp\/v2\/categories?post=233954"},{"taxonomy":"post_tag","embeddable":true,"href":"https:\/\/www.ecuadortimes.net\/es\/wp-json\/wp\/v2\/tags?post=233954"}],"curies":[{"name":"wp","href":"https:\/\/api.w.org\/{rel}","templated":true}]}}