{"id":233956,"date":"2015-03-12T00:00:00","date_gmt":"2015-03-12T00:00:00","guid":{"rendered":"https:\/\/www.ecuadortimes.net\/es\/grupo-terrorista-boko-haram-jura-lealtad-al-estado-islamico\/"},"modified":"2015-03-12T00:00:00","modified_gmt":"2015-03-12T00:00:00","slug":"grupo-terrorista-boko-haram-jura-lealtad-al-estado-islamico","status":"publish","type":"post","link":"https:\/\/www.ecuadortimes.net\/es\/grupo-terrorista-boko-haram-jura-lealtad-al-estado-islamico\/","title":{"rendered":"Grupo terrorista Boko Haram jura lealtad al Estado Isl\u00e1mico"},"content":{"rendered":"<p><a href=\"http:\/\/www.ecuadortimes.net\/es\/wp-content\/uploads\/2015\/03\/Boko-Haram-juramento-lealtad-Estado-Islamico.jpeg\"><img loading=\"lazy\" class=\"alignright  wp-image-164370\" src=\"https:\/\/www.ecuadortimes.net\/es\/wp-content\/uploads\/2015\/03\/Boko-Haram-juramento-lealtad-Estado-Islamico.jpeg\" alt=\"Boko-Haram-juramento-lealtad-Estado-Islamico\" width=\"450\" height=\"314\" \/><\/a>El grupo yihadista Estado Isl\u00e1mico acept\u00f3 el juramento de lealtad de los islamistas nigerianos de Boko Haram, seg\u00fan una grabaci\u00f3n de audio presentada como un discurso del portavoz del EI difundida el jueves en las redes sociales.<\/p>\n<p>&#8220;Os anunciamos la buena nueva de la expansi\u00f3n del califato a \u00c3\u0081frica Occidental porque el califa, que Dios lo preserve, acept\u00f3 la lealtad de nuestros hermanos del grupo sunita para la predicaci\u00f3n y la yihad&#8221;, el nombre en \u00e1rabe de Boko Haram, que jur\u00f3 lealtad al EI a principios de este mes.<\/p>\n<p>En la grabaci\u00f3n de cerca de media hora, Abu Mohammad al-Adnani, portavoz del Estado Isl\u00e1mico, pide a los musulmanes que viajen a &#8220;\u00c3\u0081frica Occidental para alistarse&#8221; con &#8220;sus hermanos combatientes&#8221;.<\/p>\n<p>Boko Haram ejecuta atentados sangrientos en las grandes ciudades del norte de Nigeria y las masacres de poblaciones en las zonas m\u00e1s remotas del pa\u00eds y de los Estados vecinos.<\/p>\n<p>&#8220;Nuestro califato resiste y avanza por el buen camino y con paso firme. Combatimos a los cruzados y los rafidah (la comunidad chiita) y, d\u00eda tras d\u00eda, el Estado Isl\u00e1mico se hace m\u00e1s fuerte&#8221;, afirm\u00f3 Adnani.<\/p>\n","protected":false},"excerpt":{"rendered":"<p>El grupo yihadista Estado Isl\u00e1mico acept\u00f3 el juramento de lealtad de los islamistas nigerianos de Boko Haram, seg\u00fan una grabaci\u00f3n de audio presentada como un discurso del portavoz del EI difundida el jueves en las redes sociales. &#8220;Os anunciamos la buena nueva de la expansi\u00f3n del califato a \u00c3\u0081frica Occidental porque el califa, que Dios lo preserve, acept\u00f3 la lealtad de nuestros hermanos del grupo sunita para la predicaci\u00f3n y la yihad&#8221;, el nombre en \u00e1rabe de Boko Haram, que jur\u00f3 lealtad al EI a principios de este mes. En la grabaci\u00f3n de cerca de media hora, Abu Mohammad al-Adnani, portavoz del Estado Isl\u00e1mico, pide a los musulmanes que viajen a &#8220;\u00c3\u0081frica Occidental para alistarse&#8221; con &#8220;sus hermanos combatientes&#8221;. Boko Haram ejecuta atentados sangrientos en las grandes ciudades del norte de Nigeria y las masacres de poblaciones en las zonas m\u00e1s remotas del pa\u00eds y de los Estados vecinos. &#8220;Nuestro califato resiste y avanza por el buen camino y con paso firme. Combatimos a los cruzados y los rafidah (la comunidad chiita) y, d\u00eda tras d\u00eda, el Estado Isl\u00e1mico se hace m\u00e1s fuerte&#8221;, afirm\u00f3 Adnani.<\/p>\n","protected":false},"author":1,"featured_media":233957,"comment_status":"open","ping_status":"open","sticky":false,"template":"","format":"standard","meta":[],"categories":[36,37],"tags":[],"_links":{"self":[{"href":"https:\/\/www.ecuadortimes.net\/es\/wp-json\/wp\/v2\/posts\/233956"}],"collection":[{"href":"https:\/\/www.ecuadortimes.net\/es\/wp-json\/wp\/v2\/posts"}],"about":[{"href":"https:\/\/www.ecuadortimes.net\/es\/wp-json\/wp\/v2\/types\/post"}],"author":[{"embeddable":true,"href":"https:\/\/www.ecuadortimes.net\/es\/wp-json\/wp\/v2\/users\/1"}],"replies":[{"embeddable":true,"href":"https:\/\/www.ecuadortimes.net\/es\/wp-json\/wp\/v2\/comments?post=233956"}],"version-history":[{"count":0,"href":"https:\/\/www.ecuadortimes.net\/es\/wp-json\/wp\/v2\/posts\/233956\/revisions"}],"wp:featuredmedia":[{"embeddable":true,"href":"https:\/\/www.ecuadortimes.net\/es\/wp-json\/wp\/v2\/media\/233957"}],"wp:attachment":[{"href":"https:\/\/www.ecuadortimes.net\/es\/wp-json\/wp\/v2\/media?parent=233956"}],"wp:term":[{"taxonomy":"category","embeddable":true,"href":"https:\/\/www.ecuadortimes.net\/es\/wp-json\/wp\/v2\/categories?post=233956"},{"taxonomy":"post_tag","embeddable":true,"href":"https:\/\/www.ecuadortimes.net\/es\/wp-json\/wp\/v2\/tags?post=233956"}],"curies":[{"name":"wp","href":"https:\/\/api.w.org\/{rel}","templated":true}]}}