{"id":233958,"date":"2015-03-12T00:00:00","date_gmt":"2015-03-12T00:00:00","guid":{"rendered":"https:\/\/www.ecuadortimes.net\/es\/cancilleres-de-la-unasur-se-reuniran-el-sabado-en-quito\/"},"modified":"2015-03-12T00:00:00","modified_gmt":"2015-03-12T00:00:00","slug":"cancilleres-de-la-unasur-se-reuniran-el-sabado-en-quito","status":"publish","type":"post","link":"https:\/\/www.ecuadortimes.net\/es\/cancilleres-de-la-unasur-se-reuniran-el-sabado-en-quito\/","title":{"rendered":"Cancilleres de la Unasur se reunir\u00e1n el s\u00e1bado en Quito"},"content":{"rendered":"<p><span lang=\"ES\"><a href=\"http:\/\/www.ecuadortimes.net\/es\/wp-content\/uploads\/2015\/03\/ricardo-pati\u00f1o.jpg\"><img loading=\"lazy\" class=\"alignright wp-image-164373 \" src=\"https:\/\/www.ecuadortimes.net\/es\/wp-content\/uploads\/2015\/03\/ricardo-pati\u00f1o.jpg\" alt=\"ricardo-pati\u00f1o\" width=\"383\" height=\"213\" \/><\/a><\/span><\/p>\n<p><span lang=\"ES\">Los cancilleres de la Uni\u00f3n de Naciones Sudamericanas (Unasur) tendr\u00e1n un encuentro en Quito para analizar la crisis de Venezuela y realizar un pronunciamiento formal a EE.UU., luego de que el Gobierno del Presidente Barak Obama declarara a dicho pa\u00eds como un peligro para la seguridad estadounidense.<\/span><\/p>\n<p><span lang=\"ES\">El Canciller Ricardo Pati\u00f1o anunci\u00f3 a trav\u00e9s de su cuenta de Twitter que la cita se llevar\u00e1 a cabo este s\u00e1bado 14 de marzo en la sede de la Secretar\u00eda General.<\/span><\/p>\n<p><span lang=\"ES\">La reuni\u00f3n estaba prevista para hoy en Montevideo, Uruguay, pa\u00eds que ostenta la Presidencia Pro T\u00e9mpore de la Unasur. Sin embargo,\u00a0fue suspendida ayer, seg\u00fan indic\u00f3 el canciller uruguayo, Rodolfo Nin Novoa.<\/span><\/p>\n<p><span lang=\"ES\">La postergaci\u00f3n se llev\u00f3 a cabo en medio de una controversia entre los gobiernos de Venezuela y Uruguay, por afirmaciones del presidente venezolano, Nicol\u00e1s Maduro, quien llam\u00f3 cobarde\u009d, sin mencionarlo expresamente, al vicepresidente de Uruguay, Ra\u00fal Sendic.\u00a0<\/span><\/p>\n<p class=\"ecxMsoNormal\"><span lang=\"ES\">El lunes, el Presidente venezolano se\u00f1al\u00f3 en una cadena televisiva que un amigo en el sur, un gran amigo, que tiene un buen cargo en el gobierno, declar\u00f3 que no le constaba la injerencia de Estados Unidos sobre Venezuela\u009d. Qu\u00e9 verg\u00fcenza esa declaraci\u00f3n\u009d, se\u00f1al\u00f3. El expresidente Hugo Ch\u00e1vez me dec\u00eda: &#8216;Tranquilo, Nicol\u00e1s, que el mundo est\u00e1 lleno de cobardes&#8217;. Cuando por all\u00e1<\/span><span lang=\"ES\"><span style=\"font-size: medium;\"> sali\u00f3 un cobarde, a tratar de ganar indulgencia con los gringos\u009d.<\/span><\/span><\/p>\n<p class=\"ecxMsoNormal\"><span lang=\"ES\"><span style=\"font-size: medium;\">Por otro lado; Ernesto Samper, Secretario Ejecutivo de la Unasur, se\u00f1al\u00f3: &#8220;Las expresiones de Estados Unidos son inaceptables, es decisi\u00f3n contraproducente y que va en sentido contrario a lo que busca la comisi\u00f3n de cancilleres al producir un acercamiento entre el gobierno y la oposici\u00f3n&#8230; y al pedir a las autorides judiciales de Venezuela se respete el debido proceso con representantes de la oposici\u00f3n. Adem\u00e1s de ayudar a Venezuela en el abastecimiento de productos b\u00e1sicos&#8221;.<\/span><\/span><\/p>\n<p><span lang=\"ES\">\u00a0<\/span><\/p>\n","protected":false},"excerpt":{"rendered":"<p>Los cancilleres de la Uni\u00f3n de Naciones Sudamericanas (Unasur) tendr\u00e1n un encuentro en Quito para analizar la crisis de Venezuela y realizar un pronunciamiento formal a EE.UU., luego de que el Gobierno del Presidente Barak Obama declarara a dicho pa\u00eds como un peligro para la seguridad estadounidense. El Canciller Ricardo Pati\u00f1o anunci\u00f3 a trav\u00e9s de su cuenta de Twitter que la cita se llevar\u00e1 a cabo este s\u00e1bado 14 de marzo en la sede de la Secretar\u00eda General. La reuni\u00f3n estaba prevista para hoy en Montevideo, Uruguay, pa\u00eds que ostenta la Presidencia Pro T\u00e9mpore de la Unasur. Sin embargo,\u00a0fue suspendida ayer, seg\u00fan indic\u00f3 el canciller uruguayo, Rodolfo Nin Novoa. La postergaci\u00f3n se llev\u00f3 a cabo en medio de una controversia entre los gobiernos de Venezuela y Uruguay, por afirmaciones del presidente venezolano, Nicol\u00e1s Maduro, quien llam\u00f3 cobarde\u009d, sin mencionarlo expresamente, al vicepresidente de Uruguay, Ra\u00fal Sendic.\u00a0 El lunes, el Presidente venezolano se\u00f1al\u00f3 en una cadena televisiva que un amigo en el sur, un gran amigo, que tiene un buen cargo en el gobierno, declar\u00f3 que no le constaba la injerencia de Estados Unidos sobre Venezuela\u009d. Qu\u00e9 verg\u00fcenza esa declaraci\u00f3n\u009d, se\u00f1al\u00f3. El expresidente Hugo Ch\u00e1vez me dec\u00eda: &#8216;Tranquilo, Nicol\u00e1s, que el mundo est\u00e1 lleno de cobardes&#8217;. Cuando por all\u00e1 sali\u00f3 un cobarde, a tratar de ganar indulgencia con los gringos\u009d. Por otro lado; Ernesto Samper, Secretario Ejecutivo de la Unasur, se\u00f1al\u00f3: &#8220;Las expresiones de Estados Unidos son inaceptables, es decisi\u00f3n contraproducente y que va en sentido contrario a lo que busca la comisi\u00f3n de cancilleres al producir un acercamiento entre el gobierno y la oposici\u00f3n&#8230; y al pedir a las autorides judiciales de Venezuela se respete el debido proceso con representantes de la oposici\u00f3n. Adem\u00e1s de ayudar a Venezuela en el abastecimiento de productos b\u00e1sicos&#8221;. \u00a0<\/p>\n","protected":false},"author":1,"featured_media":233959,"comment_status":"open","ping_status":"open","sticky":false,"template":"","format":"standard","meta":[],"categories":[54,34,37],"tags":[],"_links":{"self":[{"href":"https:\/\/www.ecuadortimes.net\/es\/wp-json\/wp\/v2\/posts\/233958"}],"collection":[{"href":"https:\/\/www.ecuadortimes.net\/es\/wp-json\/wp\/v2\/posts"}],"about":[{"href":"https:\/\/www.ecuadortimes.net\/es\/wp-json\/wp\/v2\/types\/post"}],"author":[{"embeddable":true,"href":"https:\/\/www.ecuadortimes.net\/es\/wp-json\/wp\/v2\/users\/1"}],"replies":[{"embeddable":true,"href":"https:\/\/www.ecuadortimes.net\/es\/wp-json\/wp\/v2\/comments?post=233958"}],"version-history":[{"count":0,"href":"https:\/\/www.ecuadortimes.net\/es\/wp-json\/wp\/v2\/posts\/233958\/revisions"}],"wp:featuredmedia":[{"embeddable":true,"href":"https:\/\/www.ecuadortimes.net\/es\/wp-json\/wp\/v2\/media\/233959"}],"wp:attachment":[{"href":"https:\/\/www.ecuadortimes.net\/es\/wp-json\/wp\/v2\/media?parent=233958"}],"wp:term":[{"taxonomy":"category","embeddable":true,"href":"https:\/\/www.ecuadortimes.net\/es\/wp-json\/wp\/v2\/categories?post=233958"},{"taxonomy":"post_tag","embeddable":true,"href":"https:\/\/www.ecuadortimes.net\/es\/wp-json\/wp\/v2\/tags?post=233958"}],"curies":[{"name":"wp","href":"https:\/\/api.w.org\/{rel}","templated":true}]}}