{"id":233960,"date":"2015-03-12T00:00:00","date_gmt":"2015-03-12T00:00:00","guid":{"rendered":"https:\/\/www.ecuadortimes.net\/es\/monge-recalco-otra-vez-en-que-se-basaron-sus-denuncias-contra-el-prefecto-jairala\/"},"modified":"2015-03-12T00:00:00","modified_gmt":"2015-03-12T00:00:00","slug":"monge-recalco-otra-vez-en-que-se-basaron-sus-denuncias-contra-el-prefecto-jairala","status":"publish","type":"post","link":"https:\/\/www.ecuadortimes.net\/es\/monge-recalco-otra-vez-en-que-se-basaron-sus-denuncias-contra-el-prefecto-jairala\/","title":{"rendered":"Monge recalc\u00f3 otra vez en qu\u00e9 se basaron sus denuncias contra el prefecto Jairala"},"content":{"rendered":"<p class=\"ecxMsoNormal\"><a href=\"http:\/\/www.ecuadortimes.net\/es\/wp-content\/uploads\/2015\/03\/cesar.jpg\"><img loading=\"lazy\" class=\"alignright size-medium wp-image-164377\" src=\"https:\/\/www.ecuadortimes.net\/es\/wp-content\/uploads\/2015\/03\/cesar-300x197.jpg\" alt=\"cesar\" width=\"300\" height=\"197\" \/><\/a>El presidente del Movimiento CREO, C\u00e9sar Monge, recalc\u00f3 una vez m\u00e1s que sus denuncias en contra el prefecto del Guayas, Jimmy Jairala, se basaron en los informes de la Contralor\u00eda General del Estado y en los seguimientos a ciertos funcionarios de la Prefectura.<\/p>\n<p class=\"ecxMsoNormal\">Esto, lo dijo en una rueda de prensa, un d\u00eda despu\u00e9s de conocer oficialmente que fue sentenciado a pagar una indemnizaci\u00f3n de $170 000 por gastos generados en los diecisiete juicios interpuestos en contra de Jairala. La sentencia tambi\u00e9n incluye disculpas p\u00fablicas que el denunciado debe ofrecer a Jairala a trav\u00e9s de un medio escrito de circulaci\u00f3n nacional en los idiomas oficiales, castellano, kichwa y shuar.<\/p>\n<p class=\"ecxMsoNormal\">A lo largo de su intervenci\u00f3n, Monge, recalc\u00f3 la acci\u00f3n del juez Darwing Valencia, quien consider\u00f3 suspender la pena inicial de seis meses de prisi\u00f3n por considerarlo a Monge un ciudadano que no posee antecedentes penales, padre de familia y cuenta con una solvencia moral\u009d. Esta \u00faltima frase sirvi\u00f3 para que Monge, reiterara su capacidad para continuar denunciando supuestas irregularidades de los organismos de Estado.<\/p>\n","protected":false},"excerpt":{"rendered":"<p>El presidente del Movimiento CREO, C\u00e9sar Monge, recalc\u00f3 una vez m\u00e1s que sus denuncias en contra el prefecto del Guayas, Jimmy Jairala, se basaron en los informes de la Contralor\u00eda General del Estado y en los seguimientos a ciertos funcionarios de la Prefectura. Esto, lo dijo en una rueda de prensa, un d\u00eda despu\u00e9s de conocer oficialmente que fue sentenciado a pagar una indemnizaci\u00f3n de $170 000 por gastos generados en los diecisiete juicios interpuestos en contra de Jairala. La sentencia tambi\u00e9n incluye disculpas p\u00fablicas que el denunciado debe ofrecer a Jairala a trav\u00e9s de un medio escrito de circulaci\u00f3n nacional en los idiomas oficiales, castellano, kichwa y shuar. A lo largo de su intervenci\u00f3n, Monge, recalc\u00f3 la acci\u00f3n del juez Darwing Valencia, quien consider\u00f3 suspender la pena inicial de seis meses de prisi\u00f3n por considerarlo a Monge un ciudadano que no posee antecedentes penales, padre de familia y cuenta con una solvencia moral\u009d. Esta \u00faltima frase sirvi\u00f3 para que Monge, reiterara su capacidad para continuar denunciando supuestas irregularidades de los organismos de Estado.<\/p>\n","protected":false},"author":1,"featured_media":233961,"comment_status":"open","ping_status":"open","sticky":false,"template":"","format":"standard","meta":[],"categories":[40,37],"tags":[],"_links":{"self":[{"href":"https:\/\/www.ecuadortimes.net\/es\/wp-json\/wp\/v2\/posts\/233960"}],"collection":[{"href":"https:\/\/www.ecuadortimes.net\/es\/wp-json\/wp\/v2\/posts"}],"about":[{"href":"https:\/\/www.ecuadortimes.net\/es\/wp-json\/wp\/v2\/types\/post"}],"author":[{"embeddable":true,"href":"https:\/\/www.ecuadortimes.net\/es\/wp-json\/wp\/v2\/users\/1"}],"replies":[{"embeddable":true,"href":"https:\/\/www.ecuadortimes.net\/es\/wp-json\/wp\/v2\/comments?post=233960"}],"version-history":[{"count":0,"href":"https:\/\/www.ecuadortimes.net\/es\/wp-json\/wp\/v2\/posts\/233960\/revisions"}],"wp:featuredmedia":[{"embeddable":true,"href":"https:\/\/www.ecuadortimes.net\/es\/wp-json\/wp\/v2\/media\/233961"}],"wp:attachment":[{"href":"https:\/\/www.ecuadortimes.net\/es\/wp-json\/wp\/v2\/media?parent=233960"}],"wp:term":[{"taxonomy":"category","embeddable":true,"href":"https:\/\/www.ecuadortimes.net\/es\/wp-json\/wp\/v2\/categories?post=233960"},{"taxonomy":"post_tag","embeddable":true,"href":"https:\/\/www.ecuadortimes.net\/es\/wp-json\/wp\/v2\/tags?post=233960"}],"curies":[{"name":"wp","href":"https:\/\/api.w.org\/{rel}","templated":true}]}}