{"id":233962,"date":"2015-03-12T00:00:00","date_gmt":"2015-03-12T00:00:00","guid":{"rendered":"https:\/\/www.ecuadortimes.net\/es\/la-conaie-anuncio-que-no-se-ira-de-la-sede-a-pesar-de-desahucio\/"},"modified":"2015-03-12T00:00:00","modified_gmt":"2015-03-12T00:00:00","slug":"la-conaie-anuncio-que-no-se-ira-de-la-sede-a-pesar-de-desahucio","status":"publish","type":"post","link":"https:\/\/www.ecuadortimes.net\/es\/la-conaie-anuncio-que-no-se-ira-de-la-sede-a-pesar-de-desahucio\/","title":{"rendered":"La Conaie anunci\u00f3 que no se ir\u00e1 de la sede a pesar de desahucio"},"content":{"rendered":"<p class=\"ecxMsoNormal\"><span lang=\"ES\"><span style=\"font-family: 'Times New Roman', sans-serif; font-size: medium;\"><a href=\"http:\/\/www.ecuadortimes.net\/es\/wp-content\/uploads\/2015\/03\/conaie1.jpg\"><img loading=\"lazy\" class=\"alignright size-medium wp-image-164382\" src=\"https:\/\/www.ecuadortimes.net\/es\/wp-content\/uploads\/2015\/03\/conaie1-300x224.jpg\" alt=\"11 SEDE CONAIE 1HL.jpg\" width=\"300\" height=\"224\" \/><\/a><\/span><\/span><\/p>\n<p><span lang=\"ES\">El Presidente de la Conaie, Jorge Herrera, se\u00f1al\u00f3 a diario EXPRESO que se encuentra trabajando en organizar la movilizaci\u00f3n nacional contra la revoluci\u00f3n ciudadana, para el 19 de marzo. Esto, despu\u00e9s de que el Ministerio de Inclusi\u00f3n Econ\u00f3mica y Social (MIES) decidiera recuperar las instalaciones de la casa de la Confederaci\u00f3n de Nacionalidades y Pueblos del Ecuador (Conaie) para crear un centro\u00a0para\u00a0j\u00f3venes con problemas de drogas, luego de que finalizara el contrato de comodato entre la Conaie y el Estado, cuya resoluci\u00f3n oficial se dio el martes.<\/span><\/p>\n<p><span lang=\"ES\">Herrera a\u00f1adi\u00f3: &#8220;Un equipo jur\u00eddico analiza la resoluci\u00f3n final del MIES. Este espacio es nuestro, es reparatorio al proceso hist\u00f3rico de explotaci\u00f3n que hemos sufrido por a\u00f1os&#8221;.<\/span><\/p>\n<p><span lang=\"ES\">Actualmente, por las noches, la sede se encuentra bajo la protecci\u00f3n de delegados provinciales, que se turnan para dormir all\u00ed.\u00a0<\/span><\/p>\n<p><span lang=\"ES\">&#8220;No saldremos de aqu\u00ed, si nos desalojan el Gobierno debe atenerse a las consecuencias&#8221;, indic\u00f3 Herrera.<\/span><\/p>\n","protected":false},"excerpt":{"rendered":"<p>El Presidente de la Conaie, Jorge Herrera, se\u00f1al\u00f3 a diario EXPRESO que se encuentra trabajando en organizar la movilizaci\u00f3n nacional contra la revoluci\u00f3n ciudadana, para el 19 de marzo. Esto, despu\u00e9s de que el Ministerio de Inclusi\u00f3n Econ\u00f3mica y Social (MIES) decidiera recuperar las instalaciones de la casa de la Confederaci\u00f3n de Nacionalidades y Pueblos del Ecuador (Conaie) para crear un centro\u00a0para\u00a0j\u00f3venes con problemas de drogas, luego de que finalizara el contrato de comodato entre la Conaie y el Estado, cuya resoluci\u00f3n oficial se dio el martes. Herrera a\u00f1adi\u00f3: &#8220;Un equipo jur\u00eddico analiza la resoluci\u00f3n final del MIES. Este espacio es nuestro, es reparatorio al proceso hist\u00f3rico de explotaci\u00f3n que hemos sufrido por a\u00f1os&#8221;. Actualmente, por las noches, la sede se encuentra bajo la protecci\u00f3n de delegados provinciales, que se turnan para dormir all\u00ed.\u00a0 &#8220;No saldremos de aqu\u00ed, si nos desalojan el Gobierno debe atenerse a las consecuencias&#8221;, indic\u00f3 Herrera.<\/p>\n","protected":false},"author":1,"featured_media":233963,"comment_status":"open","ping_status":"open","sticky":false,"template":"","format":"standard","meta":[],"categories":[40,37],"tags":[],"_links":{"self":[{"href":"https:\/\/www.ecuadortimes.net\/es\/wp-json\/wp\/v2\/posts\/233962"}],"collection":[{"href":"https:\/\/www.ecuadortimes.net\/es\/wp-json\/wp\/v2\/posts"}],"about":[{"href":"https:\/\/www.ecuadortimes.net\/es\/wp-json\/wp\/v2\/types\/post"}],"author":[{"embeddable":true,"href":"https:\/\/www.ecuadortimes.net\/es\/wp-json\/wp\/v2\/users\/1"}],"replies":[{"embeddable":true,"href":"https:\/\/www.ecuadortimes.net\/es\/wp-json\/wp\/v2\/comments?post=233962"}],"version-history":[{"count":0,"href":"https:\/\/www.ecuadortimes.net\/es\/wp-json\/wp\/v2\/posts\/233962\/revisions"}],"wp:featuredmedia":[{"embeddable":true,"href":"https:\/\/www.ecuadortimes.net\/es\/wp-json\/wp\/v2\/media\/233963"}],"wp:attachment":[{"href":"https:\/\/www.ecuadortimes.net\/es\/wp-json\/wp\/v2\/media?parent=233962"}],"wp:term":[{"taxonomy":"category","embeddable":true,"href":"https:\/\/www.ecuadortimes.net\/es\/wp-json\/wp\/v2\/categories?post=233962"},{"taxonomy":"post_tag","embeddable":true,"href":"https:\/\/www.ecuadortimes.net\/es\/wp-json\/wp\/v2\/tags?post=233962"}],"curies":[{"name":"wp","href":"https:\/\/api.w.org\/{rel}","templated":true}]}}