{"id":233966,"date":"2015-03-13T00:00:00","date_gmt":"2015-03-13T00:00:00","guid":{"rendered":"https:\/\/www.ecuadortimes.net\/es\/compromiso-ecuador-exige-ante-la-corte-constitucional-los-formularios-para-recoger-firmas\/"},"modified":"2015-03-13T00:00:00","modified_gmt":"2015-03-13T00:00:00","slug":"compromiso-ecuador-exige-ante-la-corte-constitucional-los-formularios-para-recoger-firmas","status":"publish","type":"post","link":"https:\/\/www.ecuadortimes.net\/es\/compromiso-ecuador-exige-ante-la-corte-constitucional-los-formularios-para-recoger-firmas\/","title":{"rendered":"Compromiso Ecuador exige ante la Corte Constitucional los formularios para recoger firmas"},"content":{"rendered":"<p class=\"ecxMsoNormal\"><span style=\"font-size: medium;\"><a href=\"http:\/\/www.ecuadortimes.net\/es\/wp-content\/uploads\/2015\/03\/Screen-Shot-2015-03-13-at-10.38.51.png\"><img loading=\"lazy\" class=\"alignright size-medium wp-image-164389\" src=\"https:\/\/www.ecuadortimes.net\/es\/wp-content\/uploads\/2015\/03\/Screen-Shot-2015-03-13-at-10.38.51-300x185.png\" alt=\"Screen Shot 2015-03-13 at 10.38.51\" width=\"300\" height=\"185\" \/><\/a><\/span><\/p>\n<p class=\"ecxmsonormal\"><span style=\"font-size: 12.0pt; font-family: 'Times New Roman';\">Compromiso Ecuador present\u00f3 ayer un amicus curiae ante la Corte Constitucional. El grupo se encuentra liderado por Guillermo Lasso, C\u00e9sar Mont\u00fafar, a Fausto Cobo, Francisco Jimenez y m\u00e1s representantes de alrededor de 100 organizaciones que la conforman.<\/span><\/p>\n<p><span style=\"font-size: 12.0pt; font-family: 'Times New Roman';\">Este es uno de los recursos que se puede presentar para demandar que el Consejo Nacional Electoral les entregue los formularios para recoger firmas que d\u00e9 paso a una consulta popular para evitar la reelecci\u00f3n indefinida.<\/span><\/p>\n<p><span style=\"font-size: 12.0pt; font-family: 'Times New Roman';\">Los miembros del movimiento CREO fueron recibidos por el Secretario General, Jaime Pozo. Cesar Montufar, presidente del movimiento Concertaci\u00f3n, estuvo presente en la entrega del documento e indic\u00f3 que se requiere un pronunciamiento por parte de la corte. Adem\u00e1s se\u00f1ala que se pide atenci\u00f3n en una comisi\u00f3n general, pues no se encuentran de acuerdo con el proceder de la corte.<\/span><\/p>\n","protected":false},"excerpt":{"rendered":"<p>Compromiso Ecuador present\u00f3 ayer un amicus curiae ante la Corte Constitucional. El grupo se encuentra liderado por Guillermo Lasso, C\u00e9sar Mont\u00fafar, a Fausto Cobo, Francisco Jimenez y m\u00e1s representantes de alrededor de 100 organizaciones que la conforman. Este es uno de los recursos que se puede presentar para demandar que el Consejo Nacional Electoral les entregue los formularios para recoger firmas que d\u00e9 paso a una consulta popular para evitar la reelecci\u00f3n indefinida. Los miembros del movimiento CREO fueron recibidos por el Secretario General, Jaime Pozo. Cesar Montufar, presidente del movimiento Concertaci\u00f3n, estuvo presente en la entrega del documento e indic\u00f3 que se requiere un pronunciamiento por parte de la corte. Adem\u00e1s se\u00f1ala que se pide atenci\u00f3n en una comisi\u00f3n general, pues no se encuentran de acuerdo con el proceder de la corte.<\/p>\n","protected":false},"author":1,"featured_media":0,"comment_status":"open","ping_status":"open","sticky":false,"template":"","format":"standard","meta":[],"categories":[54,40,37],"tags":[],"_links":{"self":[{"href":"https:\/\/www.ecuadortimes.net\/es\/wp-json\/wp\/v2\/posts\/233966"}],"collection":[{"href":"https:\/\/www.ecuadortimes.net\/es\/wp-json\/wp\/v2\/posts"}],"about":[{"href":"https:\/\/www.ecuadortimes.net\/es\/wp-json\/wp\/v2\/types\/post"}],"author":[{"embeddable":true,"href":"https:\/\/www.ecuadortimes.net\/es\/wp-json\/wp\/v2\/users\/1"}],"replies":[{"embeddable":true,"href":"https:\/\/www.ecuadortimes.net\/es\/wp-json\/wp\/v2\/comments?post=233966"}],"version-history":[{"count":0,"href":"https:\/\/www.ecuadortimes.net\/es\/wp-json\/wp\/v2\/posts\/233966\/revisions"}],"wp:attachment":[{"href":"https:\/\/www.ecuadortimes.net\/es\/wp-json\/wp\/v2\/media?parent=233966"}],"wp:term":[{"taxonomy":"category","embeddable":true,"href":"https:\/\/www.ecuadortimes.net\/es\/wp-json\/wp\/v2\/categories?post=233966"},{"taxonomy":"post_tag","embeddable":true,"href":"https:\/\/www.ecuadortimes.net\/es\/wp-json\/wp\/v2\/tags?post=233966"}],"curies":[{"name":"wp","href":"https:\/\/api.w.org\/{rel}","templated":true}]}}