{"id":233969,"date":"2015-03-13T00:00:00","date_gmt":"2015-03-13T00:00:00","guid":{"rendered":"https:\/\/www.ecuadortimes.net\/es\/ecuador-desvaloriza-informe-de-la-sip-sobre-libertad-de-expresion\/"},"modified":"2015-03-13T00:00:00","modified_gmt":"2015-03-13T00:00:00","slug":"ecuador-desvaloriza-informe-de-la-sip-sobre-libertad-de-expresion","status":"publish","type":"post","link":"https:\/\/www.ecuadortimes.net\/es\/ecuador-desvaloriza-informe-de-la-sip-sobre-libertad-de-expresion\/","title":{"rendered":"Ecuador desvaloriza informe de la SIP sobre libertad de expresi\u00f3n"},"content":{"rendered":"<p><a href=\"http:\/\/www.ecuadortimes.net\/es\/wp-content\/uploads\/2015\/03\/supercom.jpg\"><img loading=\"lazy\" class=\"alignright size-medium wp-image-164397\" src=\"https:\/\/www.ecuadortimes.net\/es\/wp-content\/uploads\/2015\/03\/supercom-300x167.jpg\" alt=\"supercom\" width=\"300\" height=\"167\" \/><\/a>Para el Gobierno de Ecuador no tienen valor las observaciones que hizo la Sociedad Interamericana de Prensa (SIP) al pa\u00eds en cuanto a la libertad de expresi\u00f3n.<\/p>\n<p>El informe de la SIP, en el que se indica que varias sabatinas y cadenas de televisi\u00f3n han sido dirigidas a atacar a periodistas\u009d, fue difundido el lunes pasado y, al d\u00eda siguiente, la Superintendencia de Comunicaci\u00f3n (Supercom) lo rechaz\u00f3 al considerarlo una \u0098injerencia\u0099.<\/p>\n<p>Si nos critica quiere decir que vamos por buen camino\u009d. Fue la reacci\u00f3n del presidente Rafael Correa, la noche del mi\u00e9rcoles 11 de marzo, durante una entrevista con comunicadores de la provincia de Manab\u00ed.<\/p>\n<p>Adem\u00e1s Correa dijo que la SIP es el gremio que agrupa a los propietarios de los medios que con el poder medi\u00e1tico distorsionan las cosas\u009d y que sus conclusiones no causan ning\u00fan efecto en el pa\u00eds, porque no es un organismo internacional, que no responden a convenios internacionales, y en el caso del Tratado de Chapultepec es creado por los propios due\u00f1os de los medios y no es respaldado por Ecuador, recogi\u00f3 ayer el medio oficial El Ciudadano.<\/p>\n<p>La Supercom respondi\u00f3 que no persigue y que el pronunciamiento de la SIP no representa los intereses de millones de ecuatorianos, que votaron \u0098S\u00ed\u0099 por la creaci\u00f3n de una ley que regule a los medios\u009d.<\/p>\n","protected":false},"excerpt":{"rendered":"<p>Para el Gobierno de Ecuador no tienen valor las observaciones que hizo la Sociedad Interamericana de Prensa (SIP) al pa\u00eds en cuanto a la libertad de expresi\u00f3n. El informe de la SIP, en el que se indica que varias sabatinas y cadenas de televisi\u00f3n han sido dirigidas a atacar a periodistas\u009d, fue difundido el lunes pasado y, al d\u00eda siguiente, la Superintendencia de Comunicaci\u00f3n (Supercom) lo rechaz\u00f3 al considerarlo una \u0098injerencia\u0099. Si nos critica quiere decir que vamos por buen camino\u009d. Fue la reacci\u00f3n del presidente Rafael Correa, la noche del mi\u00e9rcoles 11 de marzo, durante una entrevista con comunicadores de la provincia de Manab\u00ed. Adem\u00e1s Correa dijo que la SIP es el gremio que agrupa a los propietarios de los medios que con el poder medi\u00e1tico distorsionan las cosas\u009d y que sus conclusiones no causan ning\u00fan efecto en el pa\u00eds, porque no es un organismo internacional, que no responden a convenios internacionales, y en el caso del Tratado de Chapultepec es creado por los propios due\u00f1os de los medios y no es respaldado por Ecuador, recogi\u00f3 ayer el medio oficial El Ciudadano. La Supercom respondi\u00f3 que no persigue y que el pronunciamiento de la SIP no representa los intereses de millones de ecuatorianos, que votaron \u0098S\u00ed\u0099 por la creaci\u00f3n de una ley que regule a los medios\u009d.<\/p>\n","protected":false},"author":1,"featured_media":233970,"comment_status":"open","ping_status":"open","sticky":false,"template":"","format":"standard","meta":[],"categories":[54,40,37],"tags":[],"_links":{"self":[{"href":"https:\/\/www.ecuadortimes.net\/es\/wp-json\/wp\/v2\/posts\/233969"}],"collection":[{"href":"https:\/\/www.ecuadortimes.net\/es\/wp-json\/wp\/v2\/posts"}],"about":[{"href":"https:\/\/www.ecuadortimes.net\/es\/wp-json\/wp\/v2\/types\/post"}],"author":[{"embeddable":true,"href":"https:\/\/www.ecuadortimes.net\/es\/wp-json\/wp\/v2\/users\/1"}],"replies":[{"embeddable":true,"href":"https:\/\/www.ecuadortimes.net\/es\/wp-json\/wp\/v2\/comments?post=233969"}],"version-history":[{"count":0,"href":"https:\/\/www.ecuadortimes.net\/es\/wp-json\/wp\/v2\/posts\/233969\/revisions"}],"wp:featuredmedia":[{"embeddable":true,"href":"https:\/\/www.ecuadortimes.net\/es\/wp-json\/wp\/v2\/media\/233970"}],"wp:attachment":[{"href":"https:\/\/www.ecuadortimes.net\/es\/wp-json\/wp\/v2\/media?parent=233969"}],"wp:term":[{"taxonomy":"category","embeddable":true,"href":"https:\/\/www.ecuadortimes.net\/es\/wp-json\/wp\/v2\/categories?post=233969"},{"taxonomy":"post_tag","embeddable":true,"href":"https:\/\/www.ecuadortimes.net\/es\/wp-json\/wp\/v2\/tags?post=233969"}],"curies":[{"name":"wp","href":"https:\/\/api.w.org\/{rel}","templated":true}]}}