{"id":233976,"date":"2015-03-13T00:00:00","date_gmt":"2015-03-13T00:00:00","guid":{"rendered":"https:\/\/www.ecuadortimes.net\/es\/persecucion-a-disidentes-del-gobierno-de-maduro-continuara-segun-leopoldo-lopez\/"},"modified":"2015-03-13T00:00:00","modified_gmt":"2015-03-13T00:00:00","slug":"persecucion-a-disidentes-del-gobierno-de-maduro-continuara-segun-leopoldo-lopez","status":"publish","type":"post","link":"https:\/\/www.ecuadortimes.net\/es\/persecucion-a-disidentes-del-gobierno-de-maduro-continuara-segun-leopoldo-lopez\/","title":{"rendered":"Persecuci\u00f3n a disidentes del gobierno de Maduro continuar\u00e1 seg\u00fan Leopoldo L\u00f3pez"},"content":{"rendered":"<p><a href=\"http:\/\/www.ecuadortimes.net\/es\/wp-content\/uploads\/2015\/03\/Leopoldo-Lopez-persecucion-disidentes-Venezuela.jpeg\"><img loading=\"lazy\" class=\"alignright  wp-image-164408\" src=\"https:\/\/www.ecuadortimes.net\/es\/wp-content\/uploads\/2015\/03\/Leopoldo-Lopez-persecucion-disidentes-Venezuela.jpeg\" alt=\"Leopoldo-Lopez-persecucion-disidentes-Venezuela\" width=\"450\" height=\"327\" \/><\/a>El l\u00edder opositor encarcelado Leopoldo L\u00f3pez se\u00f1al\u00f3 que la persecuci\u00f3n\u009d de los disidentes al r\u00e9gimen del presidente venezolano Nicol\u00e1s Maduro continuar\u00e1, seg\u00fan una entrevista publicada este viernes por el diario espa\u00f1ol El Pa\u00eds.<\/p>\n<p>La persecuci\u00f3n y la criminalizaci\u00f3n de la disidencia pol\u00edtica va a continuar\u009d, afirma L\u00f3pez, de 43 a\u00f1os, coordinador nacional de Voluntad Popular, ala radical de la opositora coalici\u00f3n Mesa de la Unidad Democr\u00e1tica, encarcelado en la prisi\u00f3n militar de Ramo Verde tras entregarse voluntariamente el 18 de febrero de 2014.<\/p>\n<p>L\u00f3pez est\u00e1 acusado de incitar a la violencia en las masivas protestas de principios de 2014 contra el gobierno de Maduro, que dejaron 43 muertos.<\/p>\n<p>Al menos esas son las se\u00f1ales claras que manda el gobierno con el encarcelamiento de (Antonio) Ledezma\u009d, el opositor alcalde de Caracas, que el 19 de febrero fue sacado de sus oficinas por el servicio de inteligencia venezolano y acusado de conspiraci\u00f3n.<\/p>\n<p>Respecto a la divisi\u00f3n de la oposici\u00f3n al gobierno de Maduro afirm\u00f3 que no puede haber fracturas que nos debiliten. Requerimos unidad en la protesta y unidad en lo electoral, unidad en la calle y unidad en el voto\u009d.<\/p>\n","protected":false},"excerpt":{"rendered":"<p>El l\u00edder opositor encarcelado Leopoldo L\u00f3pez se\u00f1al\u00f3 que la persecuci\u00f3n\u009d de los disidentes al r\u00e9gimen del presidente venezolano Nicol\u00e1s Maduro continuar\u00e1, seg\u00fan una entrevista publicada este viernes por el diario espa\u00f1ol El Pa\u00eds. La persecuci\u00f3n y la criminalizaci\u00f3n de la disidencia pol\u00edtica va a continuar\u009d, afirma L\u00f3pez, de 43 a\u00f1os, coordinador nacional de Voluntad Popular, ala radical de la opositora coalici\u00f3n Mesa de la Unidad Democr\u00e1tica, encarcelado en la prisi\u00f3n militar de Ramo Verde tras entregarse voluntariamente el 18 de febrero de 2014. L\u00f3pez est\u00e1 acusado de incitar a la violencia en las masivas protestas de principios de 2014 contra el gobierno de Maduro, que dejaron 43 muertos. Al menos esas son las se\u00f1ales claras que manda el gobierno con el encarcelamiento de (Antonio) Ledezma\u009d, el opositor alcalde de Caracas, que el 19 de febrero fue sacado de sus oficinas por el servicio de inteligencia venezolano y acusado de conspiraci\u00f3n. Respecto a la divisi\u00f3n de la oposici\u00f3n al gobierno de Maduro afirm\u00f3 que no puede haber fracturas que nos debiliten. Requerimos unidad en la protesta y unidad en lo electoral, unidad en la calle y unidad en el voto\u009d.<\/p>\n","protected":false},"author":1,"featured_media":233977,"comment_status":"open","ping_status":"open","sticky":false,"template":"","format":"standard","meta":[],"categories":[34,37],"tags":[],"_links":{"self":[{"href":"https:\/\/www.ecuadortimes.net\/es\/wp-json\/wp\/v2\/posts\/233976"}],"collection":[{"href":"https:\/\/www.ecuadortimes.net\/es\/wp-json\/wp\/v2\/posts"}],"about":[{"href":"https:\/\/www.ecuadortimes.net\/es\/wp-json\/wp\/v2\/types\/post"}],"author":[{"embeddable":true,"href":"https:\/\/www.ecuadortimes.net\/es\/wp-json\/wp\/v2\/users\/1"}],"replies":[{"embeddable":true,"href":"https:\/\/www.ecuadortimes.net\/es\/wp-json\/wp\/v2\/comments?post=233976"}],"version-history":[{"count":0,"href":"https:\/\/www.ecuadortimes.net\/es\/wp-json\/wp\/v2\/posts\/233976\/revisions"}],"wp:featuredmedia":[{"embeddable":true,"href":"https:\/\/www.ecuadortimes.net\/es\/wp-json\/wp\/v2\/media\/233977"}],"wp:attachment":[{"href":"https:\/\/www.ecuadortimes.net\/es\/wp-json\/wp\/v2\/media?parent=233976"}],"wp:term":[{"taxonomy":"category","embeddable":true,"href":"https:\/\/www.ecuadortimes.net\/es\/wp-json\/wp\/v2\/categories?post=233976"},{"taxonomy":"post_tag","embeddable":true,"href":"https:\/\/www.ecuadortimes.net\/es\/wp-json\/wp\/v2\/tags?post=233976"}],"curies":[{"name":"wp","href":"https:\/\/api.w.org\/{rel}","templated":true}]}}