{"id":233980,"date":"2015-03-13T00:00:00","date_gmt":"2015-03-13T00:00:00","guid":{"rendered":"https:\/\/www.ecuadortimes.net\/es\/200-vuelve-a-ser-el-monto-minimo-para-emision-obligatoria-de-facturas-con-datos\/"},"modified":"2015-03-13T00:00:00","modified_gmt":"2015-03-13T00:00:00","slug":"200-vuelve-a-ser-el-monto-minimo-para-emision-obligatoria-de-facturas-con-datos","status":"publish","type":"post","link":"https:\/\/www.ecuadortimes.net\/es\/200-vuelve-a-ser-el-monto-minimo-para-emision-obligatoria-de-facturas-con-datos\/","title":{"rendered":"$ 200 vuelve a ser el monto m\u00ednimo para emisi\u00f3n obligatoria de facturas con datos"},"content":{"rendered":"<p class=\"ecxMsoNormal\"><span style=\"font-family: 'Times New Roman', sans-serif; font-size: medium;\"><a href=\"http:\/\/www.ecuadortimes.net\/es\/wp-content\/uploads\/2015\/03\/facturacion-datos.jpg\"><img loading=\"lazy\" class=\"alignright size-medium wp-image-164416\" src=\"https:\/\/www.ecuadortimes.net\/es\/wp-content\/uploads\/2015\/03\/facturacion-datos-300x168.jpg\" alt=\"facturacion-datos\" width=\"300\" height=\"168\" \/><\/a>La base a partir de la cual los contribuyentes deben emitir facturas con los datos del comprador vuelve a ser de $200, anunci\u00f3 ayer la Directora del Servicio de Rentas Internas (SRI), Ximena Amoroso.<\/span><\/p>\n<p class=\"ecxMsoNormal\"><span style=\"font-family: 'Times New Roman', sans-serif; font-size: medium;\">Esta disposici\u00f3n es una reforma al Reglamento de Comprobantes de Venta, Retenci\u00f3n y Documentos Complementarios, realizada el 28 de febrero, por medio de la cual se regresa al valor que estaba en vigencia desde agosto del 2002.<\/span><\/p>\n<p class=\"ecxMsoNormal\"><span style=\"font-family: 'Times New Roman', sans-serif; font-size: medium;\">Este ser\u00eda el segundo cambio que se ha dado a la norma desde finales del a\u00f1o pasado, cuando mediante Decreto Ejecutivo 539 publicado en el Registro Oficial 407 del 31 de diciembre del 2014, se cambi\u00f3 el monto m\u00ednimo de $ 200 a $ 20. Reforma que empez\u00f3 a regir desde enero del 2015.<\/span><\/p>\n","protected":false},"excerpt":{"rendered":"<p>La base a partir de la cual los contribuyentes deben emitir facturas con los datos del comprador vuelve a ser de $200, anunci\u00f3 ayer la Directora del Servicio de Rentas Internas (SRI), Ximena Amoroso. Esta disposici\u00f3n es una reforma al Reglamento de Comprobantes de Venta, Retenci\u00f3n y Documentos Complementarios, realizada el 28 de febrero, por medio de la cual se regresa al valor que estaba en vigencia desde agosto del 2002. Este ser\u00eda el segundo cambio que se ha dado a la norma desde finales del a\u00f1o pasado, cuando mediante Decreto Ejecutivo 539 publicado en el Registro Oficial 407 del 31 de diciembre del 2014, se cambi\u00f3 el monto m\u00ednimo de $ 200 a $ 20. Reforma que empez\u00f3 a regir desde enero del 2015.<\/p>\n","protected":false},"author":1,"featured_media":233981,"comment_status":"open","ping_status":"open","sticky":false,"template":"","format":"standard","meta":[],"categories":[43,37],"tags":[],"_links":{"self":[{"href":"https:\/\/www.ecuadortimes.net\/es\/wp-json\/wp\/v2\/posts\/233980"}],"collection":[{"href":"https:\/\/www.ecuadortimes.net\/es\/wp-json\/wp\/v2\/posts"}],"about":[{"href":"https:\/\/www.ecuadortimes.net\/es\/wp-json\/wp\/v2\/types\/post"}],"author":[{"embeddable":true,"href":"https:\/\/www.ecuadortimes.net\/es\/wp-json\/wp\/v2\/users\/1"}],"replies":[{"embeddable":true,"href":"https:\/\/www.ecuadortimes.net\/es\/wp-json\/wp\/v2\/comments?post=233980"}],"version-history":[{"count":0,"href":"https:\/\/www.ecuadortimes.net\/es\/wp-json\/wp\/v2\/posts\/233980\/revisions"}],"wp:featuredmedia":[{"embeddable":true,"href":"https:\/\/www.ecuadortimes.net\/es\/wp-json\/wp\/v2\/media\/233981"}],"wp:attachment":[{"href":"https:\/\/www.ecuadortimes.net\/es\/wp-json\/wp\/v2\/media?parent=233980"}],"wp:term":[{"taxonomy":"category","embeddable":true,"href":"https:\/\/www.ecuadortimes.net\/es\/wp-json\/wp\/v2\/categories?post=233980"},{"taxonomy":"post_tag","embeddable":true,"href":"https:\/\/www.ecuadortimes.net\/es\/wp-json\/wp\/v2\/tags?post=233980"}],"curies":[{"name":"wp","href":"https:\/\/api.w.org\/{rel}","templated":true}]}}