{"id":233986,"date":"2015-03-13T00:00:00","date_gmt":"2015-03-13T00:00:00","guid":{"rendered":"https:\/\/www.ecuadortimes.net\/es\/evo-morales-exige-que-ee-uu-pida-perdon-a-venezuela-previo-a-la-cumbre-de-las-americas\/"},"modified":"2015-03-13T00:00:00","modified_gmt":"2015-03-13T00:00:00","slug":"evo-morales-exige-que-ee-uu-pida-perdon-a-venezuela-previo-a-la-cumbre-de-las-americas","status":"publish","type":"post","link":"https:\/\/www.ecuadortimes.net\/es\/evo-morales-exige-que-ee-uu-pida-perdon-a-venezuela-previo-a-la-cumbre-de-las-americas\/","title":{"rendered":"Evo Morales exige que EE.UU. pida perd\u00f3n a Venezuela previo a la Cumbre de las Am\u00e9ricas"},"content":{"rendered":"<div id=\"attachment_164427\" style=\"width: 460px\" class=\"wp-caption alignright\"><a href=\"http:\/\/www.ecuadortimes.net\/es\/wp-content\/uploads\/2015\/03\/Evo-Morales-pide-EEUU-disculpe-previo-Cumbre-de-las-Americas.jpeg\"><img aria-describedby=\"caption-attachment-164427\" loading=\"lazy\" class=\" wp-image-164427\" src=\"https:\/\/www.ecuadortimes.net\/es\/wp-content\/uploads\/2015\/03\/Evo-Morales-pide-EEUU-disculpe-previo-Cumbre-de-las-Americas.jpeg\" alt=\"EFE\" width=\"450\" height=\"344\" \/><\/a><p id=\"caption-attachment-164427\" class=\"wp-caption-text\">EFE<\/p><\/div>\n<p>El presidente de Bolivia, Evo Morales, exigi\u00f3 este viernes a su hom\u00f3logo de EE.UU., Barack Obama, que &#8220;pida perd\u00f3n&#8221; a Venezuela por sus &#8220;amenazas&#8221; antes de la Cumbre de las Am\u00e9ricas.<\/p>\n<p>El gobernante de Bolivia, quien conden\u00f3 a Estados Unidos por declarar a Venezuela como &#8220;una amenaza extraordinaria&#8221;, afirm\u00f3 en rueda de prensa que Obama &#8220;se va a encontrar con presidentes antiimperialistas, se va a encontrar con gobiernos antiimperialistas&#8221;.<\/p>\n<p>&#8220;Si Obama no quiere encontrarse con la horma de su zapato, antes de la Cumbre de las Am\u00e9ricas, que pida perd\u00f3n a Am\u00e9rica Latina y en especial a Venezuela&#8221;, afirm\u00f3 Morales, aludiendo a que el presidente estadounidense se tropezar\u00e1 en la reuni\u00f3n con quienes le ofrezcan resistencia.<\/p>\n<p>El mandatario boliviano anticip\u00f3 su deseo de que el reciente conflicto entre Washington y Caracas se analice en Panam\u00e1, sede el 10 y 11 de abril de la VII Cumbre de las Am\u00e9ricas, auspiciada por la OEA.<\/p>\n<p>&#8220;Desde ahora estamos pidiendo que el debate sea p\u00fablico en la Cumbre de las Am\u00e9ricas&#8221;, insisti\u00f3 el gobernante, sobre la cita que tiene como tema central la prosperidad con equidad.<\/p>\n","protected":false},"excerpt":{"rendered":"<p>El presidente de Bolivia, Evo Morales, exigi\u00f3 este viernes a su hom\u00f3logo de EE.UU., Barack Obama, que &#8220;pida perd\u00f3n&#8221; a Venezuela por sus &#8220;amenazas&#8221; antes de la Cumbre de las Am\u00e9ricas. El gobernante de Bolivia, quien conden\u00f3 a Estados Unidos por declarar a Venezuela como &#8220;una amenaza extraordinaria&#8221;, afirm\u00f3 en rueda de prensa que Obama &#8220;se va a encontrar con presidentes antiimperialistas, se va a encontrar con gobiernos antiimperialistas&#8221;. &#8220;Si Obama no quiere encontrarse con la horma de su zapato, antes de la Cumbre de las Am\u00e9ricas, que pida perd\u00f3n a Am\u00e9rica Latina y en especial a Venezuela&#8221;, afirm\u00f3 Morales, aludiendo a que el presidente estadounidense se tropezar\u00e1 en la reuni\u00f3n con quienes le ofrezcan resistencia. El mandatario boliviano anticip\u00f3 su deseo de que el reciente conflicto entre Washington y Caracas se analice en Panam\u00e1, sede el 10 y 11 de abril de la VII Cumbre de las Am\u00e9ricas, auspiciada por la OEA. &#8220;Desde ahora estamos pidiendo que el debate sea p\u00fablico en la Cumbre de las Am\u00e9ricas&#8221;, insisti\u00f3 el gobernante, sobre la cita que tiene como tema central la prosperidad con equidad.<\/p>\n","protected":false},"author":1,"featured_media":233987,"comment_status":"open","ping_status":"open","sticky":false,"template":"","format":"standard","meta":[],"categories":[34,37],"tags":[],"_links":{"self":[{"href":"https:\/\/www.ecuadortimes.net\/es\/wp-json\/wp\/v2\/posts\/233986"}],"collection":[{"href":"https:\/\/www.ecuadortimes.net\/es\/wp-json\/wp\/v2\/posts"}],"about":[{"href":"https:\/\/www.ecuadortimes.net\/es\/wp-json\/wp\/v2\/types\/post"}],"author":[{"embeddable":true,"href":"https:\/\/www.ecuadortimes.net\/es\/wp-json\/wp\/v2\/users\/1"}],"replies":[{"embeddable":true,"href":"https:\/\/www.ecuadortimes.net\/es\/wp-json\/wp\/v2\/comments?post=233986"}],"version-history":[{"count":0,"href":"https:\/\/www.ecuadortimes.net\/es\/wp-json\/wp\/v2\/posts\/233986\/revisions"}],"wp:featuredmedia":[{"embeddable":true,"href":"https:\/\/www.ecuadortimes.net\/es\/wp-json\/wp\/v2\/media\/233987"}],"wp:attachment":[{"href":"https:\/\/www.ecuadortimes.net\/es\/wp-json\/wp\/v2\/media?parent=233986"}],"wp:term":[{"taxonomy":"category","embeddable":true,"href":"https:\/\/www.ecuadortimes.net\/es\/wp-json\/wp\/v2\/categories?post=233986"},{"taxonomy":"post_tag","embeddable":true,"href":"https:\/\/www.ecuadortimes.net\/es\/wp-json\/wp\/v2\/tags?post=233986"}],"curies":[{"name":"wp","href":"https:\/\/api.w.org\/{rel}","templated":true}]}}