{"id":233998,"date":"2015-03-14T00:00:00","date_gmt":"2015-03-14T00:00:00","guid":{"rendered":"https:\/\/www.ecuadortimes.net\/es\/maduro-dice-tenderle-una-mano-al-gobierno-de-ee-uu-para-avanzar-juntos-en-dialogos-francos\/"},"modified":"2015-03-14T00:00:00","modified_gmt":"2015-03-14T00:00:00","slug":"maduro-dice-tenderle-una-mano-al-gobierno-de-ee-uu-para-avanzar-juntos-en-dialogos-francos","status":"publish","type":"post","link":"https:\/\/www.ecuadortimes.net\/es\/maduro-dice-tenderle-una-mano-al-gobierno-de-ee-uu-para-avanzar-juntos-en-dialogos-francos\/","title":{"rendered":"Maduro dice tenderle una mano al gobierno de EE.UU. para avanzar &#8216;juntos en di\u00e1logos francos&#8217;"},"content":{"rendered":"<p><a href=\"http:\/\/www.ecuadortimes.net\/es\/wp-content\/uploads\/2015\/03\/nicolas-maduro.jpg\"><img loading=\"lazy\" class=\"alignright size-medium wp-image-164449\" src=\"https:\/\/www.ecuadortimes.net\/es\/wp-content\/uploads\/2015\/03\/nicolas-maduro-300x169.jpg\" alt=\"nicolas-maduro\" width=\"300\" height=\"169\" \/><\/a>El Presidente venezolano Nicol\u00e1s Maduro se\u00f1al\u00f3 que le tiende &#8220;una mano al Gobierno de EE.UU.&#8221; para avanzar &#8220;juntos en di\u00e1logos francos&#8221;, luego de la declaraci\u00f3n de &#8220;emergencia nacional&#8221; anunciada por el mandatario estadounidense, Barack Obama.<\/p>\n<p>&#8220;Yo tiendo una mano al Gobierno de EE.UU. para que avancemos juntos en di\u00e1logos francos y busquemos una soluci\u00f3n sobre la base del derecho internacional, el respeto mutuo, para que se subsane este grave problema que se ha creado&#8221;, indic\u00f3 el mandatario.<\/p>\n<p>Adem\u00e1s, calific\u00f3 de &#8220;exagerado&#8221; y &#8220;desproporcionado que hayan declarado una emergencia nacional en todo el territorio de EE.UU.&#8221; por la &#8220;amenaza&#8221; que, seg\u00fan el Gobierno norteamericano, representa Venezuela.<\/p>\n<p>&#8220;Es ilegal en el marco de las convenciones internacionales y eso debe ser rectificado y subsanado&#8221;, concluy\u00f3.<\/p>\n","protected":false},"excerpt":{"rendered":"<p>El Presidente venezolano Nicol\u00e1s Maduro se\u00f1al\u00f3 que le tiende &#8220;una mano al Gobierno de EE.UU.&#8221; para avanzar &#8220;juntos en di\u00e1logos francos&#8221;, luego de la declaraci\u00f3n de &#8220;emergencia nacional&#8221; anunciada por el mandatario estadounidense, Barack Obama. &#8220;Yo tiendo una mano al Gobierno de EE.UU. para que avancemos juntos en di\u00e1logos francos y busquemos una soluci\u00f3n sobre la base del derecho internacional, el respeto mutuo, para que se subsane este grave problema que se ha creado&#8221;, indic\u00f3 el mandatario. Adem\u00e1s, calific\u00f3 de &#8220;exagerado&#8221; y &#8220;desproporcionado que hayan declarado una emergencia nacional en todo el territorio de EE.UU.&#8221; por la &#8220;amenaza&#8221; que, seg\u00fan el Gobierno norteamericano, representa Venezuela. &#8220;Es ilegal en el marco de las convenciones internacionales y eso debe ser rectificado y subsanado&#8221;, concluy\u00f3.<\/p>\n","protected":false},"author":1,"featured_media":233999,"comment_status":"open","ping_status":"open","sticky":false,"template":"","format":"standard","meta":[],"categories":[54,34,37],"tags":[],"_links":{"self":[{"href":"https:\/\/www.ecuadortimes.net\/es\/wp-json\/wp\/v2\/posts\/233998"}],"collection":[{"href":"https:\/\/www.ecuadortimes.net\/es\/wp-json\/wp\/v2\/posts"}],"about":[{"href":"https:\/\/www.ecuadortimes.net\/es\/wp-json\/wp\/v2\/types\/post"}],"author":[{"embeddable":true,"href":"https:\/\/www.ecuadortimes.net\/es\/wp-json\/wp\/v2\/users\/1"}],"replies":[{"embeddable":true,"href":"https:\/\/www.ecuadortimes.net\/es\/wp-json\/wp\/v2\/comments?post=233998"}],"version-history":[{"count":0,"href":"https:\/\/www.ecuadortimes.net\/es\/wp-json\/wp\/v2\/posts\/233998\/revisions"}],"wp:featuredmedia":[{"embeddable":true,"href":"https:\/\/www.ecuadortimes.net\/es\/wp-json\/wp\/v2\/media\/233999"}],"wp:attachment":[{"href":"https:\/\/www.ecuadortimes.net\/es\/wp-json\/wp\/v2\/media?parent=233998"}],"wp:term":[{"taxonomy":"category","embeddable":true,"href":"https:\/\/www.ecuadortimes.net\/es\/wp-json\/wp\/v2\/categories?post=233998"},{"taxonomy":"post_tag","embeddable":true,"href":"https:\/\/www.ecuadortimes.net\/es\/wp-json\/wp\/v2\/tags?post=233998"}],"curies":[{"name":"wp","href":"https:\/\/api.w.org\/{rel}","templated":true}]}}