{"id":234002,"date":"2015-03-14T00:00:00","date_gmt":"2015-03-14T00:00:00","guid":{"rendered":"https:\/\/www.ecuadortimes.net\/es\/ecuador-comunico-a-la-can-la-aplicacion-de-salvaguardias-y-su-motivo\/"},"modified":"2015-03-14T00:00:00","modified_gmt":"2015-03-14T00:00:00","slug":"ecuador-comunico-a-la-can-la-aplicacion-de-salvaguardias-y-su-motivo","status":"publish","type":"post","link":"https:\/\/www.ecuadortimes.net\/es\/ecuador-comunico-a-la-can-la-aplicacion-de-salvaguardias-y-su-motivo\/","title":{"rendered":"Ecuador comunic\u00f3 a la CAN la aplicaci\u00f3n de salvaguardias y su motivo"},"content":{"rendered":"<p><a href=\"http:\/\/www.ecuadortimes.net\/es\/wp-content\/uploads\/2015\/03\/exportaciones-ecuador.jpg\"><img loading=\"lazy\" class=\"alignright size-medium wp-image-164457\" src=\"https:\/\/www.ecuadortimes.net\/es\/wp-content\/uploads\/2015\/03\/exportaciones-ecuador-300x199.jpg\" alt=\"exportaciones-ecuador\" width=\"300\" height=\"199\" \/><\/a>El Gobierno de Ecuador comunic\u00f3 ayer a sus socios de la Comunidad Andina (CAN) la aplicaci\u00f3n de la salvaguardia aduanera que se aplicar\u00e1 a un tercio de sus importaciones con la finalidad de aplacar el grave efecto en su balanza de pagos de la ca\u00edda del precio del petr\u00f3leo y la apreciaci\u00f3n del d\u00f3lar.<\/p>\n<p>La Canciller\u00eda ecuatoriana se\u00f1al\u00f3 en un comunicado que la informaci\u00f3n fue proporcionada durante una reuni\u00f3n del Consejo Andino de cancilleres celebrada \u00a0en la sede de la Secretar\u00eda General de la CAN, en Lima, solicitada por Ecuador.<\/p>\n<p>En el encuentro, seg\u00fan indica el texto, tambi\u00e9n participaron los ministros de Comercio Exterior de los cuatro pa\u00edses miembros de la Comunidad: Bolivia, Colombia, Ecuador y Per\u00fa.<\/p>\n<p class=\"ecxMsoNormal\">Ecuador explic\u00f3 a los cancilleres &#8220;los fundamentos, importancia y necesidad&#8221; del Ecuador para establecer dichas salvaguardias &#8220;por un tema de balanza de pagos&#8221;, indic\u00f3 el ministro ecuatoriano de Relaciones Exteriores, Ricardo Pati\u00f1o<span style=\"color: #1a1f21; font-family: 'Times New Roman','serif'; font-size: 10pt;\">.<br \/>\n<\/span><\/p>\n","protected":false},"excerpt":{"rendered":"<p>El Gobierno de Ecuador comunic\u00f3 ayer a sus socios de la Comunidad Andina (CAN) la aplicaci\u00f3n de la salvaguardia aduanera que se aplicar\u00e1 a un tercio de sus importaciones con la finalidad de aplacar el grave efecto en su balanza de pagos de la ca\u00edda del precio del petr\u00f3leo y la apreciaci\u00f3n del d\u00f3lar. La Canciller\u00eda ecuatoriana se\u00f1al\u00f3 en un comunicado que la informaci\u00f3n fue proporcionada durante una reuni\u00f3n del Consejo Andino de cancilleres celebrada \u00a0en la sede de la Secretar\u00eda General de la CAN, en Lima, solicitada por Ecuador. En el encuentro, seg\u00fan indica el texto, tambi\u00e9n participaron los ministros de Comercio Exterior de los cuatro pa\u00edses miembros de la Comunidad: Bolivia, Colombia, Ecuador y Per\u00fa. Ecuador explic\u00f3 a los cancilleres &#8220;los fundamentos, importancia y necesidad&#8221; del Ecuador para establecer dichas salvaguardias &#8220;por un tema de balanza de pagos&#8221;, indic\u00f3 el ministro ecuatoriano de Relaciones Exteriores, Ricardo Pati\u00f1o.<\/p>\n","protected":false},"author":1,"featured_media":234003,"comment_status":"open","ping_status":"open","sticky":false,"template":"","format":"standard","meta":[],"categories":[54,43,37],"tags":[],"_links":{"self":[{"href":"https:\/\/www.ecuadortimes.net\/es\/wp-json\/wp\/v2\/posts\/234002"}],"collection":[{"href":"https:\/\/www.ecuadortimes.net\/es\/wp-json\/wp\/v2\/posts"}],"about":[{"href":"https:\/\/www.ecuadortimes.net\/es\/wp-json\/wp\/v2\/types\/post"}],"author":[{"embeddable":true,"href":"https:\/\/www.ecuadortimes.net\/es\/wp-json\/wp\/v2\/users\/1"}],"replies":[{"embeddable":true,"href":"https:\/\/www.ecuadortimes.net\/es\/wp-json\/wp\/v2\/comments?post=234002"}],"version-history":[{"count":0,"href":"https:\/\/www.ecuadortimes.net\/es\/wp-json\/wp\/v2\/posts\/234002\/revisions"}],"wp:featuredmedia":[{"embeddable":true,"href":"https:\/\/www.ecuadortimes.net\/es\/wp-json\/wp\/v2\/media\/234003"}],"wp:attachment":[{"href":"https:\/\/www.ecuadortimes.net\/es\/wp-json\/wp\/v2\/media?parent=234002"}],"wp:term":[{"taxonomy":"category","embeddable":true,"href":"https:\/\/www.ecuadortimes.net\/es\/wp-json\/wp\/v2\/categories?post=234002"},{"taxonomy":"post_tag","embeddable":true,"href":"https:\/\/www.ecuadortimes.net\/es\/wp-json\/wp\/v2\/tags?post=234002"}],"curies":[{"name":"wp","href":"https:\/\/api.w.org\/{rel}","templated":true}]}}