{"id":234004,"date":"2015-03-14T00:00:00","date_gmt":"2015-03-14T00:00:00","guid":{"rendered":"https:\/\/www.ecuadortimes.net\/es\/encuestas-sobre-reeleccion-habrian-sido-mal-planteadas-segun-asambleista-cassinelli\/"},"modified":"2015-03-14T00:00:00","modified_gmt":"2015-03-14T00:00:00","slug":"encuestas-sobre-reeleccion-habrian-sido-mal-planteadas-segun-asambleista-cassinelli","status":"publish","type":"post","link":"https:\/\/www.ecuadortimes.net\/es\/encuestas-sobre-reeleccion-habrian-sido-mal-planteadas-segun-asambleista-cassinelli\/","title":{"rendered":"Encuestas sobre reelecci\u00f3n habr\u00edan sido mal planteadas, seg\u00fan asamble\u00edsta Cassinelli"},"content":{"rendered":"<p><span style=\"color: #1a1f21; font-family: 'Times New Roman','serif'; font-size: 10pt;\"><a href=\"http:\/\/www.ecuadortimes.net\/es\/wp-content\/uploads\/2015\/03\/asambleista-cassinelli-reeleccion-indefinida.jpg\"><img loading=\"lazy\" class=\"alignright size-medium wp-image-164461\" src=\"https:\/\/www.ecuadortimes.net\/es\/wp-content\/uploads\/2015\/03\/asambleista-cassinelli-reeleccion-indefinida-300x167.jpg\" alt=\"asambleista-cassinelli-reeleccion-indefinida\" width=\"300\" height=\"167\" \/><\/a>La Comisi\u00f3n Ocasional que tramita la solicitud de Enmienda Constitucional se present\u00f3 ayer \u00a0en la facultad de Jurisprudencia de la Universidad de Guayaquil, para socializar el proyecto de 16 cambios a la Constituci\u00f3n.<\/span><\/p>\n<p><span style=\"color: #1a1f21; font-family: 'Times New Roman','serif'; font-size: 10pt;\">Juan Carlos Cassinelli, titular de la Comisi\u00f3n, calific\u00f3 de &#8220;trascendental&#8221; la socializaci\u00f3n que cumplen varios asamble\u00edstas, y a\u00f1adi\u00f3 que existe &#8220;mala interpretaci\u00f3n&#8221; de parte de varios grupos sobre el aspecto de la reelecci\u00f3n indefinida.<\/span><\/p>\n<p><span style=\"color: #1a1f21; font-family: 'Times New Roman','serif'; font-size: 10pt;\">Sobre las encuestas de las que el l\u00edder opositor Guillermo Lasso se ha referido en los \u00faltimos d\u00edas, y que seg\u00fan ha indicado, un 70% de ecuatorianos estar\u00edan en contra de la reelecci\u00f3n indefinida, Cassinelli cuestion\u00f3 la manera de c\u00f3mo han sido planteadas a la ciudadan\u00eda, seg\u00fan el funcionario, generando distorsi\u00f3n.<\/span><\/p>\n","protected":false},"excerpt":{"rendered":"<p>La Comisi\u00f3n Ocasional que tramita la solicitud de Enmienda Constitucional se present\u00f3 ayer \u00a0en la facultad de Jurisprudencia de la Universidad de Guayaquil, para socializar el proyecto de 16 cambios a la Constituci\u00f3n. Juan Carlos Cassinelli, titular de la Comisi\u00f3n, calific\u00f3 de &#8220;trascendental&#8221; la socializaci\u00f3n que cumplen varios asamble\u00edstas, y a\u00f1adi\u00f3 que existe &#8220;mala interpretaci\u00f3n&#8221; de parte de varios grupos sobre el aspecto de la reelecci\u00f3n indefinida. Sobre las encuestas de las que el l\u00edder opositor Guillermo Lasso se ha referido en los \u00faltimos d\u00edas, y que seg\u00fan ha indicado, un 70% de ecuatorianos estar\u00edan en contra de la reelecci\u00f3n indefinida, Cassinelli cuestion\u00f3 la manera de c\u00f3mo han sido planteadas a la ciudadan\u00eda, seg\u00fan el funcionario, generando distorsi\u00f3n.<\/p>\n","protected":false},"author":1,"featured_media":234005,"comment_status":"open","ping_status":"open","sticky":false,"template":"","format":"standard","meta":[],"categories":[40,37],"tags":[],"_links":{"self":[{"href":"https:\/\/www.ecuadortimes.net\/es\/wp-json\/wp\/v2\/posts\/234004"}],"collection":[{"href":"https:\/\/www.ecuadortimes.net\/es\/wp-json\/wp\/v2\/posts"}],"about":[{"href":"https:\/\/www.ecuadortimes.net\/es\/wp-json\/wp\/v2\/types\/post"}],"author":[{"embeddable":true,"href":"https:\/\/www.ecuadortimes.net\/es\/wp-json\/wp\/v2\/users\/1"}],"replies":[{"embeddable":true,"href":"https:\/\/www.ecuadortimes.net\/es\/wp-json\/wp\/v2\/comments?post=234004"}],"version-history":[{"count":0,"href":"https:\/\/www.ecuadortimes.net\/es\/wp-json\/wp\/v2\/posts\/234004\/revisions"}],"wp:featuredmedia":[{"embeddable":true,"href":"https:\/\/www.ecuadortimes.net\/es\/wp-json\/wp\/v2\/media\/234005"}],"wp:attachment":[{"href":"https:\/\/www.ecuadortimes.net\/es\/wp-json\/wp\/v2\/media?parent=234004"}],"wp:term":[{"taxonomy":"category","embeddable":true,"href":"https:\/\/www.ecuadortimes.net\/es\/wp-json\/wp\/v2\/categories?post=234004"},{"taxonomy":"post_tag","embeddable":true,"href":"https:\/\/www.ecuadortimes.net\/es\/wp-json\/wp\/v2\/tags?post=234004"}],"curies":[{"name":"wp","href":"https:\/\/api.w.org\/{rel}","templated":true}]}}