{"id":234006,"date":"2015-03-14T00:00:00","date_gmt":"2015-03-14T00:00:00","guid":{"rendered":"https:\/\/www.ecuadortimes.net\/es\/recargo-a-utiles-ira-a-la-asamblea-nacional\/"},"modified":"2015-03-14T00:00:00","modified_gmt":"2015-03-14T00:00:00","slug":"recargo-a-utiles-ira-a-la-asamblea-nacional","status":"publish","type":"post","link":"https:\/\/www.ecuadortimes.net\/es\/recargo-a-utiles-ira-a-la-asamblea-nacional\/","title":{"rendered":"Recargo a \u00fatiles ir\u00e1 a la Asamblea Nacional"},"content":{"rendered":"<p><a href=\"http:\/\/www.ecuadortimes.net\/es\/wp-content\/uploads\/2015\/03\/asamblea-ecuador.jpg\"><img loading=\"lazy\" class=\"alignright size-medium wp-image-164464\" src=\"https:\/\/www.ecuadortimes.net\/es\/wp-content\/uploads\/2015\/03\/asamblea-ecuador-300x200.jpg\" alt=\"asamblea-ecuador\" width=\"300\" height=\"200\" \/><\/a>Una comitiva de la C\u00e1mara de Comercio de Guayaquil (CCG) ir\u00e1 este lunes a la Comisi\u00f3n de R\u00e9gimen Econ\u00f3mico de la Asamblea Nacional con el objetivo de exponer su preocupaci\u00f3n por la inclusi\u00f3n de \u00fatiles escolares importados dentro de las 2.800 subpartidas afectadas por las salvaguardias, que rigen desde el mi\u00e9rcoles y que les representa un incremento de hasta el 45%, indic\u00f3 Gabriela Uquillas, asesora aduanera de la CCG.<\/p>\n<p>Uquillas se\u00f1al\u00f3 que; por ejemplo, las acuarelas, que ya entran al pa\u00eds con un arancel del 15%, a m\u00e1s de pagar el 12% del IVA y el 0,50% del Fodinfa, deben cancelar ahora el 45% por sobretasas.<\/p>\n<p>El titular de la Comisi\u00f3n, Oswaldo Larriva, anunci\u00f3 tambi\u00e9n que cit\u00f3 para el pr\u00f3ximo mi\u00e9rcoles a los ministros de Comercio Exterior, Diego Aulestia; al de Industrias, Ramiro Gonz\u00e1lez; al coordinador de la Pol\u00edtica Econ\u00f3mica, Patricio Rivera, y al de Producci\u00f3n, Richard Espinosa.<\/p>\n<p>Vamos a conversar con los representantes del Ejecutivo para ver si hay forma de disminuir la sobretasa\u009d, manifest\u00f3.<\/p>\n","protected":false},"excerpt":{"rendered":"<p>Una comitiva de la C\u00e1mara de Comercio de Guayaquil (CCG) ir\u00e1 este lunes a la Comisi\u00f3n de R\u00e9gimen Econ\u00f3mico de la Asamblea Nacional con el objetivo de exponer su preocupaci\u00f3n por la inclusi\u00f3n de \u00fatiles escolares importados dentro de las 2.800 subpartidas afectadas por las salvaguardias, que rigen desde el mi\u00e9rcoles y que les representa un incremento de hasta el 45%, indic\u00f3 Gabriela Uquillas, asesora aduanera de la CCG. Uquillas se\u00f1al\u00f3 que; por ejemplo, las acuarelas, que ya entran al pa\u00eds con un arancel del 15%, a m\u00e1s de pagar el 12% del IVA y el 0,50% del Fodinfa, deben cancelar ahora el 45% por sobretasas. El titular de la Comisi\u00f3n, Oswaldo Larriva, anunci\u00f3 tambi\u00e9n que cit\u00f3 para el pr\u00f3ximo mi\u00e9rcoles a los ministros de Comercio Exterior, Diego Aulestia; al de Industrias, Ramiro Gonz\u00e1lez; al coordinador de la Pol\u00edtica Econ\u00f3mica, Patricio Rivera, y al de Producci\u00f3n, Richard Espinosa. Vamos a conversar con los representantes del Ejecutivo para ver si hay forma de disminuir la sobretasa\u009d, manifest\u00f3.<\/p>\n","protected":false},"author":1,"featured_media":234007,"comment_status":"open","ping_status":"open","sticky":false,"template":"","format":"standard","meta":[],"categories":[43,40,37],"tags":[],"_links":{"self":[{"href":"https:\/\/www.ecuadortimes.net\/es\/wp-json\/wp\/v2\/posts\/234006"}],"collection":[{"href":"https:\/\/www.ecuadortimes.net\/es\/wp-json\/wp\/v2\/posts"}],"about":[{"href":"https:\/\/www.ecuadortimes.net\/es\/wp-json\/wp\/v2\/types\/post"}],"author":[{"embeddable":true,"href":"https:\/\/www.ecuadortimes.net\/es\/wp-json\/wp\/v2\/users\/1"}],"replies":[{"embeddable":true,"href":"https:\/\/www.ecuadortimes.net\/es\/wp-json\/wp\/v2\/comments?post=234006"}],"version-history":[{"count":0,"href":"https:\/\/www.ecuadortimes.net\/es\/wp-json\/wp\/v2\/posts\/234006\/revisions"}],"wp:featuredmedia":[{"embeddable":true,"href":"https:\/\/www.ecuadortimes.net\/es\/wp-json\/wp\/v2\/media\/234007"}],"wp:attachment":[{"href":"https:\/\/www.ecuadortimes.net\/es\/wp-json\/wp\/v2\/media?parent=234006"}],"wp:term":[{"taxonomy":"category","embeddable":true,"href":"https:\/\/www.ecuadortimes.net\/es\/wp-json\/wp\/v2\/categories?post=234006"},{"taxonomy":"post_tag","embeddable":true,"href":"https:\/\/www.ecuadortimes.net\/es\/wp-json\/wp\/v2\/tags?post=234006"}],"curies":[{"name":"wp","href":"https:\/\/api.w.org\/{rel}","templated":true}]}}