{"id":234012,"date":"2015-03-15T00:00:00","date_gmt":"2015-03-15T00:00:00","guid":{"rendered":"https:\/\/www.ecuadortimes.net\/es\/presidente-sustenta-que-las-salvaguardias-afectan-al-7-del-mercado\/"},"modified":"2015-03-15T00:00:00","modified_gmt":"2015-03-15T00:00:00","slug":"presidente-sustenta-que-las-salvaguardias-afectan-al-7-del-mercado","status":"publish","type":"post","link":"https:\/\/www.ecuadortimes.net\/es\/presidente-sustenta-que-las-salvaguardias-afectan-al-7-del-mercado\/","title":{"rendered":"Presidente sustenta que las salvaguardias afectan al 7 % del mercado"},"content":{"rendered":"<p class=\"ecxMsoNormal\"><span lang=\"ES\" style=\"font-family: 'Times New Roman','serif'; font-size: 12pt;\"><span style=\"color: #000000;\"><span style=\"font-family: Times New Roman,sans-serif;\"><a href=\"http:\/\/www.ecuadortimes.net\/es\/wp-content\/uploads\/2015\/03\/correa1.jpg\"><img loading=\"lazy\" class=\"alignright wp-image-164473 \" src=\"https:\/\/www.ecuadortimes.net\/es\/wp-content\/uploads\/2015\/03\/correa1-1024x660.jpg\" alt=\"correa\" width=\"517\" height=\"333\" \/><\/a>El Presidente Rafael Correa en su enlace sabatino realiz\u00f3 un c\u00e1lculo seg\u00fan el cual concluy\u00f3 que las salvaguardias se centran en productos que representaron el 7% del comercio durante el a\u00f1o pasado.<\/span><\/span><\/span><\/p>\n<p class=\"ecxMsoNormal\"><span lang=\"ES\" style=\"font-family: 'Times New Roman','serif'; font-size: 12pt;\"><span style=\"color: #000000;\"><span style=\"font-family: Times New Roman,sans-serif;\">El mandatario se\u00f1al\u00f3 que durante el 2014 la venta de productos en el mercado nacional fue de un total de $ 128.000 millones, de los que el 22% ($ 28.000 millones) correspondi\u00f3 a bienes importados. Adem\u00e1s, los 2.800 productos a los que se subi\u00f3 el precio representaron el 32 % de las ventas de importaciones y el 7 % del comercio total, lo que ser\u00eda alrededor de $ 9.000 millones.<\/span><\/span><\/span><\/p>\n<p class=\"ecxMsoNormal\"><span lang=\"ES\" style=\"font-family: 'Times New Roman','serif'; font-size: 12pt;\"><span style=\"color: #000000;\"><span style=\"font-family: Times New Roman,sans-serif;\">Correa resalt\u00f3 que la medida no se tratar\u00eda de un paquetazo, puesto que los productos a los que se impuso una tasa adicional de entre el 5 % y el 45 % no son de consumo masivo.<\/span><\/span><\/span><\/p>\n<p class=\"ecxMsoNormal\"><span lang=\"ES\" style=\"font-family: 'Times New Roman','serif'; font-size: 12pt;\"><span style=\"color: #000000; font-family: Times New Roman,sans-serif;\">Les aseguro que ninguno de ustedes consume carne importada\u009d, se\u00f1al\u00f3 a los habitantes de Puyo, donde se llev\u00f3 a cabo el enlace.<\/span><\/span><\/p>\n","protected":false},"excerpt":{"rendered":"<p>El Presidente Rafael Correa en su enlace sabatino realiz\u00f3 un c\u00e1lculo seg\u00fan el cual concluy\u00f3 que las salvaguardias se centran en productos que representaron el 7% del comercio durante el a\u00f1o pasado. El mandatario se\u00f1al\u00f3 que durante el 2014 la venta de productos en el mercado nacional fue de un total de $ 128.000 millones, de los que el 22% ($ 28.000 millones) correspondi\u00f3 a bienes importados. Adem\u00e1s, los 2.800 productos a los que se subi\u00f3 el precio representaron el 32 % de las ventas de importaciones y el 7 % del comercio total, lo que ser\u00eda alrededor de $ 9.000 millones. Correa resalt\u00f3 que la medida no se tratar\u00eda de un paquetazo, puesto que los productos a los que se impuso una tasa adicional de entre el 5 % y el 45 % no son de consumo masivo. Les aseguro que ninguno de ustedes consume carne importada\u009d, se\u00f1al\u00f3 a los habitantes de Puyo, donde se llev\u00f3 a cabo el enlace.<\/p>\n","protected":false},"author":1,"featured_media":234013,"comment_status":"open","ping_status":"open","sticky":false,"template":"","format":"standard","meta":[],"categories":[54,43,37],"tags":[],"_links":{"self":[{"href":"https:\/\/www.ecuadortimes.net\/es\/wp-json\/wp\/v2\/posts\/234012"}],"collection":[{"href":"https:\/\/www.ecuadortimes.net\/es\/wp-json\/wp\/v2\/posts"}],"about":[{"href":"https:\/\/www.ecuadortimes.net\/es\/wp-json\/wp\/v2\/types\/post"}],"author":[{"embeddable":true,"href":"https:\/\/www.ecuadortimes.net\/es\/wp-json\/wp\/v2\/users\/1"}],"replies":[{"embeddable":true,"href":"https:\/\/www.ecuadortimes.net\/es\/wp-json\/wp\/v2\/comments?post=234012"}],"version-history":[{"count":0,"href":"https:\/\/www.ecuadortimes.net\/es\/wp-json\/wp\/v2\/posts\/234012\/revisions"}],"wp:featuredmedia":[{"embeddable":true,"href":"https:\/\/www.ecuadortimes.net\/es\/wp-json\/wp\/v2\/media\/234013"}],"wp:attachment":[{"href":"https:\/\/www.ecuadortimes.net\/es\/wp-json\/wp\/v2\/media?parent=234012"}],"wp:term":[{"taxonomy":"category","embeddable":true,"href":"https:\/\/www.ecuadortimes.net\/es\/wp-json\/wp\/v2\/categories?post=234012"},{"taxonomy":"post_tag","embeddable":true,"href":"https:\/\/www.ecuadortimes.net\/es\/wp-json\/wp\/v2\/tags?post=234012"}],"curies":[{"name":"wp","href":"https:\/\/api.w.org\/{rel}","templated":true}]}}