{"id":234026,"date":"2015-03-16T00:00:00","date_gmt":"2015-03-16T00:00:00","guid":{"rendered":"https:\/\/www.ecuadortimes.net\/es\/sharon-stone-pide-que-denuncia-de-mcsquared-sea-por-proceso-arbitral\/"},"modified":"2015-03-16T00:00:00","modified_gmt":"2015-03-16T00:00:00","slug":"sharon-stone-pide-que-denuncia-de-mcsquared-sea-por-proceso-arbitral","status":"publish","type":"post","link":"https:\/\/www.ecuadortimes.net\/es\/sharon-stone-pide-que-denuncia-de-mcsquared-sea-por-proceso-arbitral\/","title":{"rendered":"Sharon Stone pide que denuncia de MCSquared sea por proceso arbitral"},"content":{"rendered":"<p><a href=\"http:\/\/www.ecuadortimes.net\/es\/wp-content\/uploads\/2015\/03\/stone.jpg\"><img loading=\"lazy\" class=\"alignright size-medium wp-image-164503\" src=\"https:\/\/www.ecuadortimes.net\/es\/wp-content\/uploads\/2015\/03\/stone-300x168.jpg\" alt=\"stone\" width=\"300\" height=\"168\" \/><\/a>La actriz estadounidense Sharon Stone, que ten\u00eda previsto visitar Ecuador el a\u00f1o pasado, solicit\u00f3 a una corte de Nueva York que la queja presentada contra ella por la empresa MCSquared PR se ventile en un proceso arbitral y no judicial.<\/p>\n<p>A trav\u00e9s de un documento, los abogados de Stone piden a la Corte que remita el proceso al arbitraje por ser el foro apropiado\u009d para resolverlo.\u00a0Y argumentan que debe hacerlo de conformidad con las cl\u00e1usulas del contrato de vocer\u00eda, porque cada uno de los reclamos de MCSquared parten del acuerdo con la se\u00f1ora Stone de hablar en Ecuador\u009d.<\/p>\n<p>Para el\u00a0abogado de MCSquared, Rodrigo Da Silva, en el texto se aleg\u00f3 que el arbitraje no proced\u00eda porque las partes nunca formalizaron su acuerdo por escrito, si bien lo negociaron. Tambi\u00e9n se se\u00f1al\u00f3 que las declaraciones de Stone eran falsas\u009d.<\/p>\n","protected":false},"excerpt":{"rendered":"<p>La actriz estadounidense Sharon Stone, que ten\u00eda previsto visitar Ecuador el a\u00f1o pasado, solicit\u00f3 a una corte de Nueva York que la queja presentada contra ella por la empresa MCSquared PR se ventile en un proceso arbitral y no judicial. A trav\u00e9s de un documento, los abogados de Stone piden a la Corte que remita el proceso al arbitraje por ser el foro apropiado\u009d para resolverlo.\u00a0Y argumentan que debe hacerlo de conformidad con las cl\u00e1usulas del contrato de vocer\u00eda, porque cada uno de los reclamos de MCSquared parten del acuerdo con la se\u00f1ora Stone de hablar en Ecuador\u009d. Para el\u00a0abogado de MCSquared, Rodrigo Da Silva, en el texto se aleg\u00f3 que el arbitraje no proced\u00eda porque las partes nunca formalizaron su acuerdo por escrito, si bien lo negociaron. Tambi\u00e9n se se\u00f1al\u00f3 que las declaraciones de Stone eran falsas\u009d.<\/p>\n","protected":false},"author":1,"featured_media":234027,"comment_status":"open","ping_status":"open","sticky":false,"template":"","format":"standard","meta":[],"categories":[40,37],"tags":[],"_links":{"self":[{"href":"https:\/\/www.ecuadortimes.net\/es\/wp-json\/wp\/v2\/posts\/234026"}],"collection":[{"href":"https:\/\/www.ecuadortimes.net\/es\/wp-json\/wp\/v2\/posts"}],"about":[{"href":"https:\/\/www.ecuadortimes.net\/es\/wp-json\/wp\/v2\/types\/post"}],"author":[{"embeddable":true,"href":"https:\/\/www.ecuadortimes.net\/es\/wp-json\/wp\/v2\/users\/1"}],"replies":[{"embeddable":true,"href":"https:\/\/www.ecuadortimes.net\/es\/wp-json\/wp\/v2\/comments?post=234026"}],"version-history":[{"count":0,"href":"https:\/\/www.ecuadortimes.net\/es\/wp-json\/wp\/v2\/posts\/234026\/revisions"}],"wp:featuredmedia":[{"embeddable":true,"href":"https:\/\/www.ecuadortimes.net\/es\/wp-json\/wp\/v2\/media\/234027"}],"wp:attachment":[{"href":"https:\/\/www.ecuadortimes.net\/es\/wp-json\/wp\/v2\/media?parent=234026"}],"wp:term":[{"taxonomy":"category","embeddable":true,"href":"https:\/\/www.ecuadortimes.net\/es\/wp-json\/wp\/v2\/categories?post=234026"},{"taxonomy":"post_tag","embeddable":true,"href":"https:\/\/www.ecuadortimes.net\/es\/wp-json\/wp\/v2\/tags?post=234026"}],"curies":[{"name":"wp","href":"https:\/\/api.w.org\/{rel}","templated":true}]}}