{"id":234046,"date":"2015-03-16T00:00:00","date_gmt":"2015-03-16T00:00:00","guid":{"rendered":"https:\/\/www.ecuadortimes.net\/es\/limites-entre-la-libertad-y-salinas-se-definiran-por-medio-de-la-comision-de-arbitraje\/"},"modified":"2015-03-16T00:00:00","modified_gmt":"2015-03-16T00:00:00","slug":"limites-entre-la-libertad-y-salinas-se-definiran-por-medio-de-la-comision-de-arbitraje","status":"publish","type":"post","link":"https:\/\/www.ecuadortimes.net\/es\/limites-entre-la-libertad-y-salinas-se-definiran-por-medio-de-la-comision-de-arbitraje\/","title":{"rendered":"L\u00edmites entre La Libertad y Salinas se definir\u00e1n por medio de la Comisi\u00f3n de Arbitraje"},"content":{"rendered":"<p><a href=\"http:\/\/www.ecuadortimes.net\/es\/wp-content\/uploads\/2015\/03\/comision.de_.arbitraje.jpg\"><img loading=\"lazy\" class=\"alignright  wp-image-164534\" src=\"https:\/\/www.ecuadortimes.net\/es\/wp-content\/uploads\/2015\/03\/comision.de_.arbitraje.jpg\" alt=\"comision.de.arbitraje\" width=\"302\" height=\"279\" \/><\/a>El pasado lunes se posesion\u00f3 a la Comisi\u00f3n de Arbitraje que solucionar\u00e1 dos litigios entre los cantones La Libertad y Salinas, provincia de Santa Elena. El arbitraje se encuentra contemplado en la ley como una de las opciones de la llamada resoluci\u00f3n institucional\u009d.<\/p>\n<p>La comisi\u00f3n se encuentra conformada por Joyce Toro Murillo, Pedro Valverde Rubira y Diego G\u00f3mez Orejuela; y tendr\u00e1 alrededor de 22 d\u00edas para emitir un fallo.<\/p>\n<p>Actualmente, queda casi un mes para que finalice el plazo que establece la Ley de Fijaci\u00f3n de L\u00edmites Internos.<\/p>\n","protected":false},"excerpt":{"rendered":"<p>El pasado lunes se posesion\u00f3 a la Comisi\u00f3n de Arbitraje que solucionar\u00e1 dos litigios entre los cantones La Libertad y Salinas, provincia de Santa Elena. El arbitraje se encuentra contemplado en la ley como una de las opciones de la llamada resoluci\u00f3n institucional\u009d. La comisi\u00f3n se encuentra conformada por Joyce Toro Murillo, Pedro Valverde Rubira y Diego G\u00f3mez Orejuela; y tendr\u00e1 alrededor de 22 d\u00edas para emitir un fallo. Actualmente, queda casi un mes para que finalice el plazo que establece la Ley de Fijaci\u00f3n de L\u00edmites Internos.<\/p>\n","protected":false},"author":1,"featured_media":234047,"comment_status":"open","ping_status":"open","sticky":false,"template":"","format":"standard","meta":[],"categories":[40,37],"tags":[],"_links":{"self":[{"href":"https:\/\/www.ecuadortimes.net\/es\/wp-json\/wp\/v2\/posts\/234046"}],"collection":[{"href":"https:\/\/www.ecuadortimes.net\/es\/wp-json\/wp\/v2\/posts"}],"about":[{"href":"https:\/\/www.ecuadortimes.net\/es\/wp-json\/wp\/v2\/types\/post"}],"author":[{"embeddable":true,"href":"https:\/\/www.ecuadortimes.net\/es\/wp-json\/wp\/v2\/users\/1"}],"replies":[{"embeddable":true,"href":"https:\/\/www.ecuadortimes.net\/es\/wp-json\/wp\/v2\/comments?post=234046"}],"version-history":[{"count":0,"href":"https:\/\/www.ecuadortimes.net\/es\/wp-json\/wp\/v2\/posts\/234046\/revisions"}],"wp:featuredmedia":[{"embeddable":true,"href":"https:\/\/www.ecuadortimes.net\/es\/wp-json\/wp\/v2\/media\/234047"}],"wp:attachment":[{"href":"https:\/\/www.ecuadortimes.net\/es\/wp-json\/wp\/v2\/media?parent=234046"}],"wp:term":[{"taxonomy":"category","embeddable":true,"href":"https:\/\/www.ecuadortimes.net\/es\/wp-json\/wp\/v2\/categories?post=234046"},{"taxonomy":"post_tag","embeddable":true,"href":"https:\/\/www.ecuadortimes.net\/es\/wp-json\/wp\/v2\/tags?post=234046"}],"curies":[{"name":"wp","href":"https:\/\/api.w.org\/{rel}","templated":true}]}}