{"id":234062,"date":"2015-03-17T00:00:00","date_gmt":"2015-03-17T00:00:00","guid":{"rendered":"https:\/\/www.ecuadortimes.net\/es\/israel-acude-a-las-urnas-para-elegir-nuevo-parlamento\/"},"modified":"2015-03-17T00:00:00","modified_gmt":"2015-03-17T00:00:00","slug":"israel-acude-a-las-urnas-para-elegir-nuevo-parlamento","status":"publish","type":"post","link":"https:\/\/www.ecuadortimes.net\/es\/israel-acude-a-las-urnas-para-elegir-nuevo-parlamento\/","title":{"rendered":"Israel acude a las urnas para elegir nuevo parlamento"},"content":{"rendered":"<div id=\"attachment_164570\" style=\"width: 460px\" class=\"wp-caption alignright\"><a href=\"http:\/\/www.ecuadortimes.net\/es\/wp-content\/uploads\/2015\/03\/Israel-elecciones-parlamentarias-Netanyahu.jpeg\"><img aria-describedby=\"caption-attachment-164570\" loading=\"lazy\" class=\" wp-image-164570\" src=\"https:\/\/www.ecuadortimes.net\/es\/wp-content\/uploads\/2015\/03\/Israel-elecciones-parlamentarias-Netanyahu.jpeg\" alt=\"EFE\" width=\"450\" height=\"329\" \/><\/a><p id=\"caption-attachment-164570\" class=\"wp-caption-text\">EFE<\/p><\/div>\n<p>Los israel\u00edes acuden este martes para elegir un nuevo Parlamento y determinar si el primer ministro, Benjamin Netanyahu, sigue cuatro a\u00f1os m\u00e1s al frente del gobierno o si es electo el laborista Isaac Herzog.<\/p>\n<p>Unos 5,88 millones de electores est\u00e1n convocados para elegir a los 120 diputados de la c\u00e1mara, en m\u00e1s de 10.000 centros de votaci\u00f3n ubicados en escuelas, hospitales y c\u00e1rceles de todo el pa\u00eds.<\/p>\n<p>Hombres y mujeres, con identificaci\u00f3n en mano, se acercaron a los colegios electorales para depositar su papeleta desde la temprana jornada que arranc\u00f3 a las 07:00 locales.<\/p>\n<p>Ante las hip\u00f3tesis que hablaban de un alianza, el primer ministro afirm\u00f3 que &#8220;no habr\u00e1 gobierno de uni\u00f3n con el Partido Laborista&#8221; tras votar en Jerusal\u00e9n junto a su esposa Sara.<\/p>\n<p>&#8220;Formar\u00e9 un gobierno nacional&#8221;, es decir de derecha, afirm\u00f3 Netanyahu, cuyo partido, el Likud, figuraba en los \u00faltimos sondeos previos a la elecci\u00f3n por debajo de la Uni\u00f3n Sionista, liderada por Isaac Herzog.<\/p>\n","protected":false},"excerpt":{"rendered":"<p>Los israel\u00edes acuden este martes para elegir un nuevo Parlamento y determinar si el primer ministro, Benjamin Netanyahu, sigue cuatro a\u00f1os m\u00e1s al frente del gobierno o si es electo el laborista Isaac Herzog. Unos 5,88 millones de electores est\u00e1n convocados para elegir a los 120 diputados de la c\u00e1mara, en m\u00e1s de 10.000 centros de votaci\u00f3n ubicados en escuelas, hospitales y c\u00e1rceles de todo el pa\u00eds. Hombres y mujeres, con identificaci\u00f3n en mano, se acercaron a los colegios electorales para depositar su papeleta desde la temprana jornada que arranc\u00f3 a las 07:00 locales. Ante las hip\u00f3tesis que hablaban de un alianza, el primer ministro afirm\u00f3 que &#8220;no habr\u00e1 gobierno de uni\u00f3n con el Partido Laborista&#8221; tras votar en Jerusal\u00e9n junto a su esposa Sara. &#8220;Formar\u00e9 un gobierno nacional&#8221;, es decir de derecha, afirm\u00f3 Netanyahu, cuyo partido, el Likud, figuraba en los \u00faltimos sondeos previos a la elecci\u00f3n por debajo de la Uni\u00f3n Sionista, liderada por Isaac Herzog.<\/p>\n","protected":false},"author":1,"featured_media":234063,"comment_status":"open","ping_status":"open","sticky":false,"template":"","format":"standard","meta":[],"categories":[34,37],"tags":[],"_links":{"self":[{"href":"https:\/\/www.ecuadortimes.net\/es\/wp-json\/wp\/v2\/posts\/234062"}],"collection":[{"href":"https:\/\/www.ecuadortimes.net\/es\/wp-json\/wp\/v2\/posts"}],"about":[{"href":"https:\/\/www.ecuadortimes.net\/es\/wp-json\/wp\/v2\/types\/post"}],"author":[{"embeddable":true,"href":"https:\/\/www.ecuadortimes.net\/es\/wp-json\/wp\/v2\/users\/1"}],"replies":[{"embeddable":true,"href":"https:\/\/www.ecuadortimes.net\/es\/wp-json\/wp\/v2\/comments?post=234062"}],"version-history":[{"count":0,"href":"https:\/\/www.ecuadortimes.net\/es\/wp-json\/wp\/v2\/posts\/234062\/revisions"}],"wp:featuredmedia":[{"embeddable":true,"href":"https:\/\/www.ecuadortimes.net\/es\/wp-json\/wp\/v2\/media\/234063"}],"wp:attachment":[{"href":"https:\/\/www.ecuadortimes.net\/es\/wp-json\/wp\/v2\/media?parent=234062"}],"wp:term":[{"taxonomy":"category","embeddable":true,"href":"https:\/\/www.ecuadortimes.net\/es\/wp-json\/wp\/v2\/categories?post=234062"},{"taxonomy":"post_tag","embeddable":true,"href":"https:\/\/www.ecuadortimes.net\/es\/wp-json\/wp\/v2\/tags?post=234062"}],"curies":[{"name":"wp","href":"https:\/\/api.w.org\/{rel}","templated":true}]}}