{"id":234114,"date":"2015-03-19T00:00:00","date_gmt":"2015-03-19T00:00:00","guid":{"rendered":"https:\/\/www.ecuadortimes.net\/es\/comision-pidio-plazo-de-45-dias-para-entregar-informe-de-reforma-laboral\/"},"modified":"2015-03-19T00:00:00","modified_gmt":"2015-03-19T00:00:00","slug":"comision-pidio-plazo-de-45-dias-para-entregar-informe-de-reforma-laboral","status":"publish","type":"post","link":"https:\/\/www.ecuadortimes.net\/es\/comision-pidio-plazo-de-45-dias-para-entregar-informe-de-reforma-laboral\/","title":{"rendered":"Comisi\u00f3n pidi\u00f3 plazo de 45 d\u00edas para entregar informe de reforma laboral"},"content":{"rendered":"<p><a href=\"http:\/\/www.ecuadortimes.net\/es\/wp-content\/uploads\/2015\/03\/mesa.jpg\"><img loading=\"lazy\" class=\"alignright size-medium wp-image-164670\" src=\"https:\/\/www.ecuadortimes.net\/es\/wp-content\/uploads\/2015\/03\/mesa-300x168.jpg\" alt=\"mesa\" width=\"300\" height=\"168\" \/><\/a>En la sesi\u00f3n del 18 de marzo, la presidenta de la Comisi\u00f3n de Derechos de los Trabajadores, Betty Carrillo (AP), inform\u00f3 que pidi\u00f3 a la Presidencia de la Asamblea una ampliaci\u00f3n del plazo de 45 d\u00edas que le da la norma legislativa para entregar el informe para segundo debate del proyecto de Ley de Justicia Laboral y Seguridad Social.<\/p>\n<p>Seg\u00fan Fausto Cayambe (AP), miembro de la mesa, el informe estar\u00eda listo a m\u00e1s tardar la pr\u00f3xima semana para que se apruebe en el pleno.<\/p>\n<p>Cristina Reyes (PSC-MG), miembro de la Comisi\u00f3n, opin\u00f3 que la raz\u00f3n principal para que el oficialismo haya pospuesto la aprobaci\u00f3n del informe son la presi\u00f3n social y las manifestaciones p\u00fablicas que se dar\u00e1n hoy en varias ciudades.<\/p>\n<p>La Comisi\u00f3n recibi\u00f3 el 18 de marzo a la Asociaci\u00f3n Batalla de Tarqui, cuyo presidente, Gabriel Riera, se\u00f1al\u00f3 que no mantener el 40% en la normativa dejar\u00eda abierta la posibilidad de reducir y hasta quitar el aporte estatal a las jubilaciones.<\/p>\n","protected":false},"excerpt":{"rendered":"<p>En la sesi\u00f3n del 18 de marzo, la presidenta de la Comisi\u00f3n de Derechos de los Trabajadores, Betty Carrillo (AP), inform\u00f3 que pidi\u00f3 a la Presidencia de la Asamblea una ampliaci\u00f3n del plazo de 45 d\u00edas que le da la norma legislativa para entregar el informe para segundo debate del proyecto de Ley de Justicia Laboral y Seguridad Social. Seg\u00fan Fausto Cayambe (AP), miembro de la mesa, el informe estar\u00eda listo a m\u00e1s tardar la pr\u00f3xima semana para que se apruebe en el pleno. Cristina Reyes (PSC-MG), miembro de la Comisi\u00f3n, opin\u00f3 que la raz\u00f3n principal para que el oficialismo haya pospuesto la aprobaci\u00f3n del informe son la presi\u00f3n social y las manifestaciones p\u00fablicas que se dar\u00e1n hoy en varias ciudades. La Comisi\u00f3n recibi\u00f3 el 18 de marzo a la Asociaci\u00f3n Batalla de Tarqui, cuyo presidente, Gabriel Riera, se\u00f1al\u00f3 que no mantener el 40% en la normativa dejar\u00eda abierta la posibilidad de reducir y hasta quitar el aporte estatal a las jubilaciones.<\/p>\n","protected":false},"author":1,"featured_media":234115,"comment_status":"open","ping_status":"open","sticky":false,"template":"","format":"standard","meta":[],"categories":[40,37],"tags":[],"_links":{"self":[{"href":"https:\/\/www.ecuadortimes.net\/es\/wp-json\/wp\/v2\/posts\/234114"}],"collection":[{"href":"https:\/\/www.ecuadortimes.net\/es\/wp-json\/wp\/v2\/posts"}],"about":[{"href":"https:\/\/www.ecuadortimes.net\/es\/wp-json\/wp\/v2\/types\/post"}],"author":[{"embeddable":true,"href":"https:\/\/www.ecuadortimes.net\/es\/wp-json\/wp\/v2\/users\/1"}],"replies":[{"embeddable":true,"href":"https:\/\/www.ecuadortimes.net\/es\/wp-json\/wp\/v2\/comments?post=234114"}],"version-history":[{"count":0,"href":"https:\/\/www.ecuadortimes.net\/es\/wp-json\/wp\/v2\/posts\/234114\/revisions"}],"wp:featuredmedia":[{"embeddable":true,"href":"https:\/\/www.ecuadortimes.net\/es\/wp-json\/wp\/v2\/media\/234115"}],"wp:attachment":[{"href":"https:\/\/www.ecuadortimes.net\/es\/wp-json\/wp\/v2\/media?parent=234114"}],"wp:term":[{"taxonomy":"category","embeddable":true,"href":"https:\/\/www.ecuadortimes.net\/es\/wp-json\/wp\/v2\/categories?post=234114"},{"taxonomy":"post_tag","embeddable":true,"href":"https:\/\/www.ecuadortimes.net\/es\/wp-json\/wp\/v2\/tags?post=234114"}],"curies":[{"name":"wp","href":"https:\/\/api.w.org\/{rel}","templated":true}]}}