{"id":234118,"date":"2015-03-20T00:00:00","date_gmt":"2015-03-20T00:00:00","guid":{"rendered":"https:\/\/www.ecuadortimes.net\/es\/nuevo-fiscal-argentino-solicita-investigacion-contra-cristina-fernandez-por-caso-amia\/"},"modified":"2015-03-20T00:00:00","modified_gmt":"2015-03-20T00:00:00","slug":"nuevo-fiscal-argentino-solicita-investigacion-contra-cristina-fernandez-por-caso-amia","status":"publish","type":"post","link":"https:\/\/www.ecuadortimes.net\/es\/nuevo-fiscal-argentino-solicita-investigacion-contra-cristina-fernandez-por-caso-amia\/","title":{"rendered":"Nuevo fiscal argentino solicita investigaci\u00f3n contra Cristina Fern\u00e1ndez por caso AMIA"},"content":{"rendered":"<p><a href=\"http:\/\/www.ecuadortimes.net\/es\/wp-content\/uploads\/2015\/03\/Fernandez-fiscal-solicita-investigada-justicia-Argentina.jpeg\"><img loading=\"lazy\" class=\"alignright  wp-image-164676\" src=\"https:\/\/www.ecuadortimes.net\/es\/wp-content\/uploads\/2015\/03\/Fernandez-fiscal-solicita-investigada-justicia-Argentina.jpeg\" alt=\"Fernandez-fiscal-solicita-investigada-justicia-Argentina\" width=\"449\" height=\"328\" \/><\/a>Un fiscal general pidi\u00f3 este jueves a la Justicia argentina investigar la denuncia presentada por el fallecido Alberto\u00a0Nisman contra la presidenta argentina, Cristina Fern\u00e1ndez, por presunto encubrimiento de sospechosos iran\u00edes de un atentado contra intereses jud\u00edos.<\/p>\n<p>El fiscal Germ\u00e1n Moldes solicit\u00f3 revocar el fallo en primera instancia del juez federal Daniel Rafecas, quien desestim\u00f3 la denuncia contra Fern\u00e1ndez y varios colaboradores presentada por\u00a0Nisman cuatro d\u00edas antes de morir.<\/p>\n<p>En su escrito ante la C\u00e1mara Nacional de Apelaciones en lo Criminal y Correccional Federal, Moldes sostuvo la apelaci\u00f3n realizada por su colega Gerardo Pollicita y destac\u00f3 que es necesario investigar porque &#8220;lo contrario importa la renuncia a la verdad&#8221; y a la &#8216;justicia&#8217;.<\/p>\n<p>Adem\u00e1s, solicit\u00f3 tambi\u00e9n realizar medidas de prueba para &#8220;poder arribar a una conclusi\u00f3n v\u00e1lida&#8221;.<\/p>\n<p>Fern\u00e1ndez fue acusada por\u00a0Nisman de estar detr\u00e1s de un plan para encubrir a los sospechosos iran\u00edes del atentado contra la mutua jud\u00eda AMIA en 1994, que se cobr\u00f3 85 muertos.<\/p>\n","protected":false},"excerpt":{"rendered":"<p>Un fiscal general pidi\u00f3 este jueves a la Justicia argentina investigar la denuncia presentada por el fallecido Alberto\u00a0Nisman contra la presidenta argentina, Cristina Fern\u00e1ndez, por presunto encubrimiento de sospechosos iran\u00edes de un atentado contra intereses jud\u00edos. El fiscal Germ\u00e1n Moldes solicit\u00f3 revocar el fallo en primera instancia del juez federal Daniel Rafecas, quien desestim\u00f3 la denuncia contra Fern\u00e1ndez y varios colaboradores presentada por\u00a0Nisman cuatro d\u00edas antes de morir. En su escrito ante la C\u00e1mara Nacional de Apelaciones en lo Criminal y Correccional Federal, Moldes sostuvo la apelaci\u00f3n realizada por su colega Gerardo Pollicita y destac\u00f3 que es necesario investigar porque &#8220;lo contrario importa la renuncia a la verdad&#8221; y a la &#8216;justicia&#8217;. Adem\u00e1s, solicit\u00f3 tambi\u00e9n realizar medidas de prueba para &#8220;poder arribar a una conclusi\u00f3n v\u00e1lida&#8221;. Fern\u00e1ndez fue acusada por\u00a0Nisman de estar detr\u00e1s de un plan para encubrir a los sospechosos iran\u00edes del atentado contra la mutua jud\u00eda AMIA en 1994, que se cobr\u00f3 85 muertos.<\/p>\n","protected":false},"author":1,"featured_media":234119,"comment_status":"open","ping_status":"open","sticky":false,"template":"","format":"standard","meta":[],"categories":[34,37],"tags":[],"_links":{"self":[{"href":"https:\/\/www.ecuadortimes.net\/es\/wp-json\/wp\/v2\/posts\/234118"}],"collection":[{"href":"https:\/\/www.ecuadortimes.net\/es\/wp-json\/wp\/v2\/posts"}],"about":[{"href":"https:\/\/www.ecuadortimes.net\/es\/wp-json\/wp\/v2\/types\/post"}],"author":[{"embeddable":true,"href":"https:\/\/www.ecuadortimes.net\/es\/wp-json\/wp\/v2\/users\/1"}],"replies":[{"embeddable":true,"href":"https:\/\/www.ecuadortimes.net\/es\/wp-json\/wp\/v2\/comments?post=234118"}],"version-history":[{"count":0,"href":"https:\/\/www.ecuadortimes.net\/es\/wp-json\/wp\/v2\/posts\/234118\/revisions"}],"wp:featuredmedia":[{"embeddable":true,"href":"https:\/\/www.ecuadortimes.net\/es\/wp-json\/wp\/v2\/media\/234119"}],"wp:attachment":[{"href":"https:\/\/www.ecuadortimes.net\/es\/wp-json\/wp\/v2\/media?parent=234118"}],"wp:term":[{"taxonomy":"category","embeddable":true,"href":"https:\/\/www.ecuadortimes.net\/es\/wp-json\/wp\/v2\/categories?post=234118"},{"taxonomy":"post_tag","embeddable":true,"href":"https:\/\/www.ecuadortimes.net\/es\/wp-json\/wp\/v2\/tags?post=234118"}],"curies":[{"name":"wp","href":"https:\/\/api.w.org\/{rel}","templated":true}]}}