{"id":234120,"date":"2015-03-20T00:00:00","date_gmt":"2015-03-20T00:00:00","guid":{"rendered":"https:\/\/www.ecuadortimes.net\/es\/se-crean-cinco-mesas-de-trabajo-para-propuestas-del-sector-empresarial\/"},"modified":"2015-03-20T00:00:00","modified_gmt":"2015-03-20T00:00:00","slug":"se-crean-cinco-mesas-de-trabajo-para-propuestas-del-sector-empresarial","status":"publish","type":"post","link":"https:\/\/www.ecuadortimes.net\/es\/se-crean-cinco-mesas-de-trabajo-para-propuestas-del-sector-empresarial\/","title":{"rendered":"Se crean cinco mesas de trabajo para propuestas del sector empresarial"},"content":{"rendered":"<p class=\"ecxMsoNormal\"><a href=\"http:\/\/www.ecuadortimes.net\/es\/wp-content\/uploads\/2015\/03\/empresarial.jpg\"><img loading=\"lazy\" class=\"alignright size-medium wp-image-164681\" src=\"https:\/\/www.ecuadortimes.net\/es\/wp-content\/uploads\/2015\/03\/empresarial-300x193.jpg\" alt=\"empresarial\" width=\"300\" height=\"193\" \/><\/a>Cinco mesas de trabajo dar\u00e1n seguimiento a las 37 propuestas planteadas por el sector empresarial al Gobierno, de este modo se avanzar\u00e1 en un acuerdo que permita impulsar la inversi\u00f3n privada en un a\u00f1o econ\u00f3micamente complejo.<\/p>\n<p class=\"ecxMsoNormal\">Las mesas tratar\u00e1n temas de eficiencia regulatoria (tr\u00e1mites), comercio exterior, contrabando, temas laborales y tributarios. De ellas, tres empezar\u00e1n el trabajo la pr\u00f3xima semana y las dos \u00faltimas a\u00fan est\u00e1n en an\u00e1lisis. Ese fue el resultado de la primera reuni\u00f3n oficial del consejo consultivo p\u00fablico privado reunido el 19 de marzo en Quito.<\/p>\n<p class=\"ecxMsoNormal\">Roberto Aspiazu, director del Comit\u00e9 Empresarial Ecuatoriano (CEE), indic\u00f3 que el encuentro genera expectativas en el sector empresarial.<\/p>\n","protected":false},"excerpt":{"rendered":"<p>Cinco mesas de trabajo dar\u00e1n seguimiento a las 37 propuestas planteadas por el sector empresarial al Gobierno, de este modo se avanzar\u00e1 en un acuerdo que permita impulsar la inversi\u00f3n privada en un a\u00f1o econ\u00f3micamente complejo. Las mesas tratar\u00e1n temas de eficiencia regulatoria (tr\u00e1mites), comercio exterior, contrabando, temas laborales y tributarios. De ellas, tres empezar\u00e1n el trabajo la pr\u00f3xima semana y las dos \u00faltimas a\u00fan est\u00e1n en an\u00e1lisis. Ese fue el resultado de la primera reuni\u00f3n oficial del consejo consultivo p\u00fablico privado reunido el 19 de marzo en Quito. Roberto Aspiazu, director del Comit\u00e9 Empresarial Ecuatoriano (CEE), indic\u00f3 que el encuentro genera expectativas en el sector empresarial.<\/p>\n","protected":false},"author":1,"featured_media":234121,"comment_status":"open","ping_status":"open","sticky":false,"template":"","format":"standard","meta":[],"categories":[54,40,37],"tags":[],"_links":{"self":[{"href":"https:\/\/www.ecuadortimes.net\/es\/wp-json\/wp\/v2\/posts\/234120"}],"collection":[{"href":"https:\/\/www.ecuadortimes.net\/es\/wp-json\/wp\/v2\/posts"}],"about":[{"href":"https:\/\/www.ecuadortimes.net\/es\/wp-json\/wp\/v2\/types\/post"}],"author":[{"embeddable":true,"href":"https:\/\/www.ecuadortimes.net\/es\/wp-json\/wp\/v2\/users\/1"}],"replies":[{"embeddable":true,"href":"https:\/\/www.ecuadortimes.net\/es\/wp-json\/wp\/v2\/comments?post=234120"}],"version-history":[{"count":0,"href":"https:\/\/www.ecuadortimes.net\/es\/wp-json\/wp\/v2\/posts\/234120\/revisions"}],"wp:featuredmedia":[{"embeddable":true,"href":"https:\/\/www.ecuadortimes.net\/es\/wp-json\/wp\/v2\/media\/234121"}],"wp:attachment":[{"href":"https:\/\/www.ecuadortimes.net\/es\/wp-json\/wp\/v2\/media?parent=234120"}],"wp:term":[{"taxonomy":"category","embeddable":true,"href":"https:\/\/www.ecuadortimes.net\/es\/wp-json\/wp\/v2\/categories?post=234120"},{"taxonomy":"post_tag","embeddable":true,"href":"https:\/\/www.ecuadortimes.net\/es\/wp-json\/wp\/v2\/tags?post=234120"}],"curies":[{"name":"wp","href":"https:\/\/api.w.org\/{rel}","templated":true}]}}