{"id":234126,"date":"2015-03-20T00:00:00","date_gmt":"2015-03-20T00:00:00","guid":{"rendered":"https:\/\/www.ecuadortimes.net\/es\/ecuador-coloca-usd-700-millones-en-bonos-soberanos\/"},"modified":"2015-03-20T00:00:00","modified_gmt":"2015-03-20T00:00:00","slug":"ecuador-coloca-usd-700-millones-en-bonos-soberanos","status":"publish","type":"post","link":"https:\/\/www.ecuadortimes.net\/es\/ecuador-coloca-usd-700-millones-en-bonos-soberanos\/","title":{"rendered":"Ecuador coloca USD 700 millones en bonos soberanos"},"content":{"rendered":"<p class=\"ecxMsoNormal\"><span style=\"font-family: 'Times New Roman', sans-serif; font-size: medium;\"><a href=\"http:\/\/www.ecuadortimes.net\/es\/wp-content\/uploads\/2015\/03\/correa4.jpg\"><img loading=\"lazy\" class=\"alignright  wp-image-164692\" src=\"https:\/\/www.ecuadortimes.net\/es\/wp-content\/uploads\/2015\/03\/correa4.jpg\" alt=\"correa\" width=\"468\" height=\"260\" \/><\/a>Ecuador coloc\u00f3 alrededor de USD 700 millones en bonos soberanos, indic\u00f3 el Presidente Rafael Correa.<\/span><\/p>\n<p class=\"ecxMsoNormal\"><span style=\"font-family: 'Times New Roman', sans-serif; font-size: medium;\">&#8220;Acabamos de colocar 700 millones (de d\u00f3lares) a 10,5%&#8221; de inter\u00e9s, indic\u00f3 Correa.<\/span><\/p>\n<p class=\"ecxMsoNormal\"><span style=\"font-family: 'Times New Roman', sans-serif; font-size: medium;\">\u00c3\u0089l justific\u00f3 la alta tasa de rendimiento por las &#8220;circunstancias actuales del desplome de los precios del petr\u00f3leo&#8221;.<\/span><\/p>\n<p class=\"ecxMsoNormal\"><span style=\"font-family: 'Times New Roman', sans-serif; font-size: medium;\">El Ministerio de Finanzas tambi\u00e9n se\u00f1al\u00f3 que los bonos soberanos puestos en el mercado internacional de capitales para cinco a\u00f1os ascienden a USD 750 millones.<\/span><\/p>\n<p class=\"ecxMsoNormal\"><span style=\"font-family: 'Times New Roman', sans-serif; font-size: medium;\">&#8220;Los USD \u00a0750 millones emitidos se destinar\u00e1n para el Plan Anual de Inversiones&#8221; que el pa\u00eds tiene previsto para 2015, indic\u00f3 el Ministerio en su p\u00e1gina electr\u00f3nica.<\/span><\/p>\n","protected":false},"excerpt":{"rendered":"<p>Ecuador coloc\u00f3 alrededor de USD 700 millones en bonos soberanos, indic\u00f3 el Presidente Rafael Correa. &#8220;Acabamos de colocar 700 millones (de d\u00f3lares) a 10,5%&#8221; de inter\u00e9s, indic\u00f3 Correa. \u00c3\u0089l justific\u00f3 la alta tasa de rendimiento por las &#8220;circunstancias actuales del desplome de los precios del petr\u00f3leo&#8221;. El Ministerio de Finanzas tambi\u00e9n se\u00f1al\u00f3 que los bonos soberanos puestos en el mercado internacional de capitales para cinco a\u00f1os ascienden a USD 750 millones. &#8220;Los USD \u00a0750 millones emitidos se destinar\u00e1n para el Plan Anual de Inversiones&#8221; que el pa\u00eds tiene previsto para 2015, indic\u00f3 el Ministerio en su p\u00e1gina electr\u00f3nica.<\/p>\n","protected":false},"author":1,"featured_media":234127,"comment_status":"open","ping_status":"open","sticky":false,"template":"","format":"standard","meta":[],"categories":[54,43],"tags":[],"_links":{"self":[{"href":"https:\/\/www.ecuadortimes.net\/es\/wp-json\/wp\/v2\/posts\/234126"}],"collection":[{"href":"https:\/\/www.ecuadortimes.net\/es\/wp-json\/wp\/v2\/posts"}],"about":[{"href":"https:\/\/www.ecuadortimes.net\/es\/wp-json\/wp\/v2\/types\/post"}],"author":[{"embeddable":true,"href":"https:\/\/www.ecuadortimes.net\/es\/wp-json\/wp\/v2\/users\/1"}],"replies":[{"embeddable":true,"href":"https:\/\/www.ecuadortimes.net\/es\/wp-json\/wp\/v2\/comments?post=234126"}],"version-history":[{"count":0,"href":"https:\/\/www.ecuadortimes.net\/es\/wp-json\/wp\/v2\/posts\/234126\/revisions"}],"wp:featuredmedia":[{"embeddable":true,"href":"https:\/\/www.ecuadortimes.net\/es\/wp-json\/wp\/v2\/media\/234127"}],"wp:attachment":[{"href":"https:\/\/www.ecuadortimes.net\/es\/wp-json\/wp\/v2\/media?parent=234126"}],"wp:term":[{"taxonomy":"category","embeddable":true,"href":"https:\/\/www.ecuadortimes.net\/es\/wp-json\/wp\/v2\/categories?post=234126"},{"taxonomy":"post_tag","embeddable":true,"href":"https:\/\/www.ecuadortimes.net\/es\/wp-json\/wp\/v2\/tags?post=234126"}],"curies":[{"name":"wp","href":"https:\/\/api.w.org\/{rel}","templated":true}]}}