{"id":234128,"date":"2015-03-20T00:00:00","date_gmt":"2015-03-20T00:00:00","guid":{"rendered":"https:\/\/www.ecuadortimes.net\/es\/gobierno-inaugura-hidroelectrica-manduriacu-de-183-millones\/"},"modified":"2015-03-20T00:00:00","modified_gmt":"2015-03-20T00:00:00","slug":"gobierno-inaugura-hidroelectrica-manduriacu-de-183-millones","status":"publish","type":"post","link":"https:\/\/www.ecuadortimes.net\/es\/gobierno-inaugura-hidroelectrica-manduriacu-de-183-millones\/","title":{"rendered":"Gobierno inaugura hidroel\u00e9ctrica Manduriacu de $183 millones"},"content":{"rendered":"<p><a href=\"http:\/\/www.ecuadortimes.net\/es\/wp-content\/uploads\/2015\/03\/hidroelectrica.jpg\"><img loading=\"lazy\" class=\"alignright size-medium wp-image-164698\" src=\"https:\/\/www.ecuadortimes.net\/es\/wp-content\/uploads\/2015\/03\/hidroelectrica-300x170.jpg\" alt=\"hidroelectrica\" width=\"300\" height=\"170\" \/><\/a>El presidente Rafael Correa inaugur\u00f3 este 19 de marzo la central hidroel\u00e9ctrica Manduriacu, una de las ocho que planifica construir con pr\u00e9stamos de China, Rusia y Brasil.\u00a0Ubicada entre las provincias de Pichincha e Imbabura, el proyecto, cuya inversi\u00f3n es de $183 millones, generar\u00e1 367 GW por a\u00f1o con una potencia de 60MW.<\/p>\n<div><span style=\"color: #333333; font-family: Georgia, 'Times New Roman', serif;\">La central hidroel\u00e9ctrica, que aprovecha el r\u00edo Guayllabamba, tiene el objetivo de\u00a0<\/span>entregar energ\u00eda limpia y que las comunidades aleda\u00f1as se beneficiadas en tener un proyecto hidroel\u00e9ctrico cerca.<\/div>\n<div>\n<p>El Ministerio de Electricidad y Energ\u00eda Renovable del Ecuador indic\u00f3 en su cuenta de Twitter\u00a0que &#8220;Manduriacu disminuye 180 mil toneladas de CO2, tenemos aire m\u00e1s limpio&#8221;.<\/p>\n<p>El vicepresidente Jorge Glas, quien tambi\u00e9n estuvo en la inauguraci\u00f3n, se\u00f1al\u00f3 que est\u00e1 &#8220;la energ\u00eda para generar m\u00e1s trabajo y m\u00e1s oportunidades&#8221;.<\/p>\n<\/div>\n","protected":false},"excerpt":{"rendered":"<p>El presidente Rafael Correa inaugur\u00f3 este 19 de marzo la central hidroel\u00e9ctrica Manduriacu, una de las ocho que planifica construir con pr\u00e9stamos de China, Rusia y Brasil.\u00a0Ubicada entre las provincias de Pichincha e Imbabura, el proyecto, cuya inversi\u00f3n es de $183 millones, generar\u00e1 367 GW por a\u00f1o con una potencia de 60MW. La central hidroel\u00e9ctrica, que aprovecha el r\u00edo Guayllabamba, tiene el objetivo de\u00a0entregar energ\u00eda limpia y que las comunidades aleda\u00f1as se beneficiadas en tener un proyecto hidroel\u00e9ctrico cerca. El Ministerio de Electricidad y Energ\u00eda Renovable del Ecuador indic\u00f3 en su cuenta de Twitter\u00a0que &#8220;Manduriacu disminuye 180 mil toneladas de CO2, tenemos aire m\u00e1s limpio&#8221;. El vicepresidente Jorge Glas, quien tambi\u00e9n estuvo en la inauguraci\u00f3n, se\u00f1al\u00f3 que est\u00e1 &#8220;la energ\u00eda para generar m\u00e1s trabajo y m\u00e1s oportunidades&#8221;.<\/p>\n","protected":false},"author":1,"featured_media":234129,"comment_status":"open","ping_status":"open","sticky":false,"template":"","format":"standard","meta":[],"categories":[40,37],"tags":[],"_links":{"self":[{"href":"https:\/\/www.ecuadortimes.net\/es\/wp-json\/wp\/v2\/posts\/234128"}],"collection":[{"href":"https:\/\/www.ecuadortimes.net\/es\/wp-json\/wp\/v2\/posts"}],"about":[{"href":"https:\/\/www.ecuadortimes.net\/es\/wp-json\/wp\/v2\/types\/post"}],"author":[{"embeddable":true,"href":"https:\/\/www.ecuadortimes.net\/es\/wp-json\/wp\/v2\/users\/1"}],"replies":[{"embeddable":true,"href":"https:\/\/www.ecuadortimes.net\/es\/wp-json\/wp\/v2\/comments?post=234128"}],"version-history":[{"count":0,"href":"https:\/\/www.ecuadortimes.net\/es\/wp-json\/wp\/v2\/posts\/234128\/revisions"}],"wp:featuredmedia":[{"embeddable":true,"href":"https:\/\/www.ecuadortimes.net\/es\/wp-json\/wp\/v2\/media\/234129"}],"wp:attachment":[{"href":"https:\/\/www.ecuadortimes.net\/es\/wp-json\/wp\/v2\/media?parent=234128"}],"wp:term":[{"taxonomy":"category","embeddable":true,"href":"https:\/\/www.ecuadortimes.net\/es\/wp-json\/wp\/v2\/categories?post=234128"},{"taxonomy":"post_tag","embeddable":true,"href":"https:\/\/www.ecuadortimes.net\/es\/wp-json\/wp\/v2\/tags?post=234128"}],"curies":[{"name":"wp","href":"https:\/\/api.w.org\/{rel}","templated":true}]}}