{"id":234132,"date":"2015-03-21T00:00:00","date_gmt":"2015-03-21T00:00:00","guid":{"rendered":"https:\/\/www.ecuadortimes.net\/es\/dirigentes-sociales-destacan-participacion-ciudadana-en-las-marchas\/"},"modified":"2015-03-21T00:00:00","modified_gmt":"2015-03-21T00:00:00","slug":"dirigentes-sociales-destacan-participacion-ciudadana-en-las-marchas","status":"publish","type":"post","link":"https:\/\/www.ecuadortimes.net\/es\/dirigentes-sociales-destacan-participacion-ciudadana-en-las-marchas\/","title":{"rendered":"Dirigentes sociales destacan participaci\u00f3n ciudadana en las marchas"},"content":{"rendered":"<div id=\"attachment_164705\" style=\"width: 610px\" class=\"wp-caption aligncenter\"><a href=\"http:\/\/www.ecuadortimes.net\/es\/wp-content\/uploads\/2015\/03\/Dirigentes-sociales-sindicales-destacan-marcha-19-marzo.jpg\"><img aria-describedby=\"caption-attachment-164705\" loading=\"lazy\" class=\" wp-image-164705\" src=\"https:\/\/www.ecuadortimes.net\/es\/wp-content\/uploads\/2015\/03\/Dirigentes-sociales-sindicales-destacan-marcha-19-marzo.jpg\" alt=\" EFE\/Jos\u00e9 J\u00e1come\" width=\"600\" height=\"400\" \/><\/a><p id=\"caption-attachment-164705\" class=\"wp-caption-text\">EFE\/Jos\u00e9 J\u00e1come<\/p><\/div>\n<p>Los dirigentes sociales y sindicales evaluaron como positiva la marcha del jueves en todo el pa\u00eds y destacaron la realizada en Quito en donde estimaron super\u00f3 la cifra de 70.000 personas.<\/p>\n<p>Mes\u00edas Tatamuez, dirigente del Frente Unitario de los Trabajadores, (FUT) agradeci\u00f3 a la ciudadan\u00eda y se\u00f1al\u00f3 que en esta movilizaci\u00f3n particip\u00f3 todo el que se siente afectado por las pol\u00edticas equivocadas del r\u00e9gimen.<\/p>\n<p>Sin embargo rechaz\u00f3 los actos violentos de los que consider\u00f3 infiltrados y que agredieron a miembros de la Polic\u00eda Nacional que resguardaban la seguridad en la Plaza de San Francisco.<\/p>\n<p>&#8220;La provocaci\u00f3n de infiltrados no es del FUT y no vamos aceptar jam\u00e1s esa afirmaci\u00f3n; dijimos al pueblo que ser\u00e1n marchas pac\u00edficas y no de desestabilizar al pa\u00eds&#8221;, afirm\u00f3 Tatamuez.<\/p>\n<p>El dirigente anunci\u00f3 que el pr\u00f3ximo 26 de marzo marchar\u00e1n tambi\u00e9n con el Seguro Campesino.<\/p>\n","protected":false},"excerpt":{"rendered":"<p>Los dirigentes sociales y sindicales evaluaron como positiva la marcha del jueves en todo el pa\u00eds y destacaron la realizada en Quito en donde estimaron super\u00f3 la cifra de 70.000 personas. Mes\u00edas Tatamuez, dirigente del Frente Unitario de los Trabajadores, (FUT) agradeci\u00f3 a la ciudadan\u00eda y se\u00f1al\u00f3 que en esta movilizaci\u00f3n particip\u00f3 todo el que se siente afectado por las pol\u00edticas equivocadas del r\u00e9gimen. Sin embargo rechaz\u00f3 los actos violentos de los que consider\u00f3 infiltrados y que agredieron a miembros de la Polic\u00eda Nacional que resguardaban la seguridad en la Plaza de San Francisco. &#8220;La provocaci\u00f3n de infiltrados no es del FUT y no vamos aceptar jam\u00e1s esa afirmaci\u00f3n; dijimos al pueblo que ser\u00e1n marchas pac\u00edficas y no de desestabilizar al pa\u00eds&#8221;, afirm\u00f3 Tatamuez. El dirigente anunci\u00f3 que el pr\u00f3ximo 26 de marzo marchar\u00e1n tambi\u00e9n con el Seguro Campesino.<\/p>\n","protected":false},"author":1,"featured_media":234133,"comment_status":"open","ping_status":"open","sticky":false,"template":"","format":"standard","meta":[],"categories":[54,40,37],"tags":[],"_links":{"self":[{"href":"https:\/\/www.ecuadortimes.net\/es\/wp-json\/wp\/v2\/posts\/234132"}],"collection":[{"href":"https:\/\/www.ecuadortimes.net\/es\/wp-json\/wp\/v2\/posts"}],"about":[{"href":"https:\/\/www.ecuadortimes.net\/es\/wp-json\/wp\/v2\/types\/post"}],"author":[{"embeddable":true,"href":"https:\/\/www.ecuadortimes.net\/es\/wp-json\/wp\/v2\/users\/1"}],"replies":[{"embeddable":true,"href":"https:\/\/www.ecuadortimes.net\/es\/wp-json\/wp\/v2\/comments?post=234132"}],"version-history":[{"count":0,"href":"https:\/\/www.ecuadortimes.net\/es\/wp-json\/wp\/v2\/posts\/234132\/revisions"}],"wp:featuredmedia":[{"embeddable":true,"href":"https:\/\/www.ecuadortimes.net\/es\/wp-json\/wp\/v2\/media\/234133"}],"wp:attachment":[{"href":"https:\/\/www.ecuadortimes.net\/es\/wp-json\/wp\/v2\/media?parent=234132"}],"wp:term":[{"taxonomy":"category","embeddable":true,"href":"https:\/\/www.ecuadortimes.net\/es\/wp-json\/wp\/v2\/categories?post=234132"},{"taxonomy":"post_tag","embeddable":true,"href":"https:\/\/www.ecuadortimes.net\/es\/wp-json\/wp\/v2\/tags?post=234132"}],"curies":[{"name":"wp","href":"https:\/\/api.w.org\/{rel}","templated":true}]}}