{"id":234138,"date":"2015-03-21T00:00:00","date_gmt":"2015-03-21T00:00:00","guid":{"rendered":"https:\/\/www.ecuadortimes.net\/es\/mexico-sufre-sismo-de-54-en-la-escala-de-richter-sin-mayores-incovenientes\/"},"modified":"2015-03-21T00:00:00","modified_gmt":"2015-03-21T00:00:00","slug":"mexico-sufre-sismo-de-54-en-la-escala-de-richter-sin-mayores-incovenientes","status":"publish","type":"post","link":"https:\/\/www.ecuadortimes.net\/es\/mexico-sufre-sismo-de-54-en-la-escala-de-richter-sin-mayores-incovenientes\/","title":{"rendered":"M\u00e9xico sufre sismo de 5,4 en la escala de Richter sin mayores incovenientes"},"content":{"rendered":"<div id=\"attachment_164719\" style=\"width: 509px\" class=\"wp-caption alignright\"><a href=\"http:\/\/www.ecuadortimes.net\/es\/wp-content\/uploads\/2015\/03\/Mexico-sufre-sismo-capital-DF.jpg\"><img aria-describedby=\"caption-attachment-164719\" loading=\"lazy\" class=\" wp-image-164719\" src=\"https:\/\/www.ecuadortimes.net\/es\/wp-content\/uploads\/2015\/03\/Mexico-sufre-sismo-capital-DF.jpg\" alt=\"AP\" width=\"499\" height=\"374\" \/><\/a><p id=\"caption-attachment-164719\" class=\"wp-caption-text\">AP<\/p><\/div>\n<p>Un sismo de magnitud 5,4 en la escala de Richter sacudi\u00f3 este viernes al sur de M\u00e9xico y se sinti\u00f3 en la capital mexicana, sin que se hayan reportado da\u00f1os materiales ni personales, inform\u00f3 el Servicio Sismol\u00f3gico Nacional (SSM).<\/p>\n<p>En un informe preliminar, la p\u00e1gina web del SSN indic\u00f3 inicialmente que el temblor fue de magnitud 5,6 pero luego corrigi\u00f3 a 5,4.<\/p>\n<p>Tambi\u00e9n modific\u00f3 de 30 a 61 kil\u00f3metros la profundidad del sismo, que se produjo a las 16:30 hora local \u00a0y tuvo su epicentro a 37 kil\u00f3metros al sur de Chiautla de Tapia, en el central estado de Puebla.<\/p>\n<p>En la capital mexicana, el Gobierno del Distrito Federal activ\u00f3 r\u00e1pidamente el llamado &#8220;protocolo de revisi\u00f3n&#8221;, indic\u00f3 el alcalde de la ciudad, Miguel \u00c3\u0081ngel Mancera, en su cuenta de Twitter.<\/p>\n<p>&#8220;Se concluye protocolo de revisi\u00f3n, se observan varias evacuaciones, por el momento no hay da\u00f1os ni lesionados&#8221;, indic\u00f3 minutos m\u00e1s tarde Mancera por la misma v\u00eda.<\/p>\n","protected":false},"excerpt":{"rendered":"<p>Un sismo de magnitud 5,4 en la escala de Richter sacudi\u00f3 este viernes al sur de M\u00e9xico y se sinti\u00f3 en la capital mexicana, sin que se hayan reportado da\u00f1os materiales ni personales, inform\u00f3 el Servicio Sismol\u00f3gico Nacional (SSM). En un informe preliminar, la p\u00e1gina web del SSN indic\u00f3 inicialmente que el temblor fue de magnitud 5,6 pero luego corrigi\u00f3 a 5,4. Tambi\u00e9n modific\u00f3 de 30 a 61 kil\u00f3metros la profundidad del sismo, que se produjo a las 16:30 hora local \u00a0y tuvo su epicentro a 37 kil\u00f3metros al sur de Chiautla de Tapia, en el central estado de Puebla. En la capital mexicana, el Gobierno del Distrito Federal activ\u00f3 r\u00e1pidamente el llamado &#8220;protocolo de revisi\u00f3n&#8221;, indic\u00f3 el alcalde de la ciudad, Miguel \u00c3\u0081ngel Mancera, en su cuenta de Twitter. &#8220;Se concluye protocolo de revisi\u00f3n, se observan varias evacuaciones, por el momento no hay da\u00f1os ni lesionados&#8221;, indic\u00f3 minutos m\u00e1s tarde Mancera por la misma v\u00eda.<\/p>\n","protected":false},"author":1,"featured_media":234139,"comment_status":"open","ping_status":"open","sticky":false,"template":"","format":"standard","meta":[],"categories":[36,37],"tags":[],"_links":{"self":[{"href":"https:\/\/www.ecuadortimes.net\/es\/wp-json\/wp\/v2\/posts\/234138"}],"collection":[{"href":"https:\/\/www.ecuadortimes.net\/es\/wp-json\/wp\/v2\/posts"}],"about":[{"href":"https:\/\/www.ecuadortimes.net\/es\/wp-json\/wp\/v2\/types\/post"}],"author":[{"embeddable":true,"href":"https:\/\/www.ecuadortimes.net\/es\/wp-json\/wp\/v2\/users\/1"}],"replies":[{"embeddable":true,"href":"https:\/\/www.ecuadortimes.net\/es\/wp-json\/wp\/v2\/comments?post=234138"}],"version-history":[{"count":0,"href":"https:\/\/www.ecuadortimes.net\/es\/wp-json\/wp\/v2\/posts\/234138\/revisions"}],"wp:featuredmedia":[{"embeddable":true,"href":"https:\/\/www.ecuadortimes.net\/es\/wp-json\/wp\/v2\/media\/234139"}],"wp:attachment":[{"href":"https:\/\/www.ecuadortimes.net\/es\/wp-json\/wp\/v2\/media?parent=234138"}],"wp:term":[{"taxonomy":"category","embeddable":true,"href":"https:\/\/www.ecuadortimes.net\/es\/wp-json\/wp\/v2\/categories?post=234138"},{"taxonomy":"post_tag","embeddable":true,"href":"https:\/\/www.ecuadortimes.net\/es\/wp-json\/wp\/v2\/tags?post=234138"}],"curies":[{"name":"wp","href":"https:\/\/api.w.org\/{rel}","templated":true}]}}