{"id":234140,"date":"2015-03-22T00:00:00","date_gmt":"2015-03-22T00:00:00","guid":{"rendered":"https:\/\/www.ecuadortimes.net\/es\/correa-denuncia-intervencion-de-la-cia-en-protestas-de-oposicion\/"},"modified":"2015-03-22T00:00:00","modified_gmt":"2015-03-22T00:00:00","slug":"correa-denuncia-intervencion-de-la-cia-en-protestas-de-oposicion","status":"publish","type":"post","link":"https:\/\/www.ecuadortimes.net\/es\/correa-denuncia-intervencion-de-la-cia-en-protestas-de-oposicion\/","title":{"rendered":"Correa denuncia intervenci\u00f3n de la CIA en protestas de oposici\u00f3n"},"content":{"rendered":"<div id=\"attachment_164725\" style=\"width: 560px\" class=\"wp-caption aligncenter\"><a href=\"http:\/\/www.ecuadortimes.net\/es\/wp-content\/uploads\/2015\/03\/Correa-acusa-CIA-intervenir-protestas-oposicion.jpg\"><img aria-describedby=\"caption-attachment-164725\" loading=\"lazy\" class=\" wp-image-164725\" src=\"https:\/\/www.ecuadortimes.net\/es\/wp-content\/uploads\/2015\/03\/Correa-acusa-CIA-intervenir-protestas-oposicion.jpg\" alt=\"Foto: Presidencia del Ecuador\" width=\"550\" height=\"364\" \/><\/a><p id=\"caption-attachment-164725\" class=\"wp-caption-text\">Foto: Presidencia del Ecuador<\/p><\/div>\n<p>El presidente Rafael Correa, dijo este s\u00e1bado que la CIA est\u00e1 infiltrada en protestas de sectores opositores, a los que ya acusa de recibir apoyo de la derecha y financiamiento internacional.<\/p>\n<p>&#8220;Ah\u00ed hay infiltraci\u00f3n de la CIA para desgastar al gobierno&#8221;, dijo Correa durante su informe semanal de labores, en referencia a lo que \u00e9l considera una campa\u00f1a de la oposici\u00f3n financiada por la derecha internacional para desestabilizarlo.<\/p>\n<p>Sectores de trabajadores e ind\u00edgenas salieron a las calles el jueves para protestar contra pol\u00edticas impulsadas por el Ejecutivo y cambios constitucionales que tramita la Asamblea Nacional, controlada por el oficialismo.<\/p>\n<p>Correa dijo el viernes a la prensa que las marchas son &#8220;una estrategia de desgaste. Si pueden desestabilizarnos, lo hacen&#8221;.<\/p>\n<p>Correa adem\u00e1s asegur\u00f3 que el jueves fue v\u00edctima de una &#8220;emboscada&#8221; por parte de una &#8220;turba&#8221; de manifestantes que trat\u00f3 de agredirle en Riobamba, en donde se encontraba para un acto oficial.<\/p>\n","protected":false},"excerpt":{"rendered":"<p>El presidente Rafael Correa, dijo este s\u00e1bado que la CIA est\u00e1 infiltrada en protestas de sectores opositores, a los que ya acusa de recibir apoyo de la derecha y financiamiento internacional. &#8220;Ah\u00ed hay infiltraci\u00f3n de la CIA para desgastar al gobierno&#8221;, dijo Correa durante su informe semanal de labores, en referencia a lo que \u00e9l considera una campa\u00f1a de la oposici\u00f3n financiada por la derecha internacional para desestabilizarlo. Sectores de trabajadores e ind\u00edgenas salieron a las calles el jueves para protestar contra pol\u00edticas impulsadas por el Ejecutivo y cambios constitucionales que tramita la Asamblea Nacional, controlada por el oficialismo. Correa dijo el viernes a la prensa que las marchas son &#8220;una estrategia de desgaste. Si pueden desestabilizarnos, lo hacen&#8221;. Correa adem\u00e1s asegur\u00f3 que el jueves fue v\u00edctima de una &#8220;emboscada&#8221; por parte de una &#8220;turba&#8221; de manifestantes que trat\u00f3 de agredirle en Riobamba, en donde se encontraba para un acto oficial.<\/p>\n","protected":false},"author":1,"featured_media":234141,"comment_status":"open","ping_status":"open","sticky":false,"template":"","format":"standard","meta":[],"categories":[54,40,37],"tags":[],"_links":{"self":[{"href":"https:\/\/www.ecuadortimes.net\/es\/wp-json\/wp\/v2\/posts\/234140"}],"collection":[{"href":"https:\/\/www.ecuadortimes.net\/es\/wp-json\/wp\/v2\/posts"}],"about":[{"href":"https:\/\/www.ecuadortimes.net\/es\/wp-json\/wp\/v2\/types\/post"}],"author":[{"embeddable":true,"href":"https:\/\/www.ecuadortimes.net\/es\/wp-json\/wp\/v2\/users\/1"}],"replies":[{"embeddable":true,"href":"https:\/\/www.ecuadortimes.net\/es\/wp-json\/wp\/v2\/comments?post=234140"}],"version-history":[{"count":0,"href":"https:\/\/www.ecuadortimes.net\/es\/wp-json\/wp\/v2\/posts\/234140\/revisions"}],"wp:featuredmedia":[{"embeddable":true,"href":"https:\/\/www.ecuadortimes.net\/es\/wp-json\/wp\/v2\/media\/234141"}],"wp:attachment":[{"href":"https:\/\/www.ecuadortimes.net\/es\/wp-json\/wp\/v2\/media?parent=234140"}],"wp:term":[{"taxonomy":"category","embeddable":true,"href":"https:\/\/www.ecuadortimes.net\/es\/wp-json\/wp\/v2\/categories?post=234140"},{"taxonomy":"post_tag","embeddable":true,"href":"https:\/\/www.ecuadortimes.net\/es\/wp-json\/wp\/v2\/tags?post=234140"}],"curies":[{"name":"wp","href":"https:\/\/api.w.org\/{rel}","templated":true}]}}