{"id":236366,"date":"2015-11-17T00:00:00","date_gmt":"2015-11-17T00:00:00","guid":{"rendered":"https:\/\/www.ecuadortimes.net\/es\/la-mora-en-creditos-de-consumo-sube-al-787\/"},"modified":"2015-11-17T00:00:00","modified_gmt":"2015-11-17T00:00:00","slug":"la-mora-en-creditos-de-consumo-sube-al-787","status":"publish","type":"post","link":"https:\/\/www.ecuadortimes.net\/es\/la-mora-en-creditos-de-consumo-sube-al-787\/","title":{"rendered":"La mora en cr\u00e9ditos de consumo sube al 7,87 %"},"content":{"rendered":"<p>&nbsp;<\/p>\n<div id=\"attachment_170326\" style=\"width: 310px\" class=\"wp-caption aligncenter\"><a href=\"http:\/\/www.ecuadortimes.net\/es\/wp-content\/uploads\/2015\/11\/Captura-de-pantalla-2015-11-17-a-las-2.11.46-p.m..png\"><img aria-describedby=\"caption-attachment-170326\" loading=\"lazy\" class=\"size-medium wp-image-170326\" src=\"https:\/\/www.ecuadortimes.net\/es\/wp-content\/uploads\/2015\/11\/Captura-de-pantalla-2015-11-17-a-las-2.11.46-p.m.-300x204.png\" alt=\"Imagen: Expreso\" width=\"300\" height=\"204\" \/><\/a><p id=\"caption-attachment-170326\" class=\"wp-caption-text\">Imagen: Expreso<\/p><\/div>\n<p>La cuesti\u00f3n es que uno de los indicadores que siguen deterior\u00e1ndose es la morosidad de los cr\u00e9ditos de consumo de la banca privada, buena parte por las tarjetas de cr\u00e9dito, que subi\u00f3 al ubicarse en el 7,87 %, en octubre, seg\u00fan la Superintendencia de Bancos. Es decir, las familias tienen m\u00e1s atrasos para pagar sus cuentas con los bancos.<\/p>\n<p>&nbsp;<\/p>\n<p>El alza de la mora sumada a la ca\u00edda de los dep\u00f3sitos subi\u00f3 la cautela en la banca, pues en algunos casos decidi\u00f3 bajar los cupos y los plazos, por ejemplo, de los avances o cr\u00e9ditos en efectivo que efect\u00faen sus clientes con las tarjetas de cr\u00e9dito.<\/p>\n<p>&nbsp;<\/p>\n<p>Sebasti\u00e1n Quevedo, vicepresidente de Medios de Pago de Produbanco, dice a EXPRESO que han bajado los cupos pero no de forma masiva, sino solo a aquellos tarjetahabientes que han tenido atrasos. Este mes &#8220;bajamos a unos 6 mil, pero a otros 18 mil subimos los cupos&#8221; de unas 150 mil cuentas activas. (I)<\/p>\n<p>&nbsp;<\/p>\n<p>Fuente: <a href=\"http:\/\/expreso.ec\/expreso\/plantillas\/nota.aspx?idart=8671484&amp;idcat=38269&amp;tipo=2\">http:\/\/expreso.ec\/expreso\/plantillas\/nota.aspx?idart=8671484&amp;idcat=38269&amp;tipo=2<\/a><\/p>\n<p>&nbsp;<\/p>\n","protected":false},"excerpt":{"rendered":"<p>&nbsp; La cuesti\u00f3n es que uno de los indicadores que siguen deterior\u00e1ndose es la morosidad de los cr\u00e9ditos de consumo de la banca privada, buena parte por las tarjetas de cr\u00e9dito, que subi\u00f3 al ubicarse en el 7,87 %, en octubre, seg\u00fan la Superintendencia de Bancos. Es decir, las familias tienen m\u00e1s atrasos para pagar sus cuentas con los bancos. &nbsp; El alza de la mora sumada a la ca\u00edda de los dep\u00f3sitos subi\u00f3 la cautela en la banca, pues en algunos casos decidi\u00f3 bajar los cupos y los plazos, por ejemplo, de los avances o cr\u00e9ditos en efectivo que efect\u00faen sus clientes con las tarjetas de cr\u00e9dito. &nbsp; Sebasti\u00e1n Quevedo, vicepresidente de Medios de Pago de Produbanco, dice a EXPRESO que han bajado los cupos pero no de forma masiva, sino solo a aquellos tarjetahabientes que han tenido atrasos. Este mes &#8220;bajamos a unos 6 mil, pero a otros 18 mil subimos los cupos&#8221; de unas 150 mil cuentas activas. (I) &nbsp; Fuente: http:\/\/expreso.ec\/expreso\/plantillas\/nota.aspx?idart=8671484&amp;idcat=38269&amp;tipo=2 &nbsp;<\/p>\n","protected":false},"author":1,"featured_media":0,"comment_status":"open","ping_status":"open","sticky":false,"template":"","format":"standard","meta":[],"categories":[54,43],"tags":[],"_links":{"self":[{"href":"https:\/\/www.ecuadortimes.net\/es\/wp-json\/wp\/v2\/posts\/236366"}],"collection":[{"href":"https:\/\/www.ecuadortimes.net\/es\/wp-json\/wp\/v2\/posts"}],"about":[{"href":"https:\/\/www.ecuadortimes.net\/es\/wp-json\/wp\/v2\/types\/post"}],"author":[{"embeddable":true,"href":"https:\/\/www.ecuadortimes.net\/es\/wp-json\/wp\/v2\/users\/1"}],"replies":[{"embeddable":true,"href":"https:\/\/www.ecuadortimes.net\/es\/wp-json\/wp\/v2\/comments?post=236366"}],"version-history":[{"count":0,"href":"https:\/\/www.ecuadortimes.net\/es\/wp-json\/wp\/v2\/posts\/236366\/revisions"}],"wp:attachment":[{"href":"https:\/\/www.ecuadortimes.net\/es\/wp-json\/wp\/v2\/media?parent=236366"}],"wp:term":[{"taxonomy":"category","embeddable":true,"href":"https:\/\/www.ecuadortimes.net\/es\/wp-json\/wp\/v2\/categories?post=236366"},{"taxonomy":"post_tag","embeddable":true,"href":"https:\/\/www.ecuadortimes.net\/es\/wp-json\/wp\/v2\/tags?post=236366"}],"curies":[{"name":"wp","href":"https:\/\/api.w.org\/{rel}","templated":true}]}}