{"id":236420,"date":"2015-11-20T00:00:00","date_gmt":"2015-11-20T00:00:00","guid":{"rendered":"https:\/\/www.ecuadortimes.net\/es\/smart-tv-de-lg-son-ensamblados-en-ecuador\/"},"modified":"2015-11-20T00:00:00","modified_gmt":"2015-11-20T00:00:00","slug":"smart-tv-de-lg-son-ensamblados-en-ecuador","status":"publish","type":"post","link":"https:\/\/www.ecuadortimes.net\/es\/smart-tv-de-lg-son-ensamblados-en-ecuador\/","title":{"rendered":"Smart TV de LG son ensamblados en Ecuador"},"content":{"rendered":"<div style=\"text-align: justify;\">\n<div id=\"attachment_170453\" style=\"width: 310px\" class=\"wp-caption alignright\"><a href=\"http:\/\/www.ecuadortimes.net\/es\/wp-content\/uploads\/2015\/11\/imagen2.jpg\"><img aria-describedby=\"caption-attachment-170453\" loading=\"lazy\" class=\"size-medium wp-image-170453\" src=\"https:\/\/www.ecuadortimes.net\/es\/wp-content\/uploads\/2015\/11\/imagen2-300x200.jpg\" alt=\"Los Smart TV de LG son ensamblados en Ecuador bajo supervisi\u00f3n coreana.\" width=\"300\" height=\"200\" \/><\/a><p id=\"caption-attachment-170453\" class=\"wp-caption-text\">Los Smart TV de LG son ensamblados en Ecuador bajo supervisi\u00f3n coreana.<\/p><\/div>\n<p><span style=\"color: black; font-family: Verdana, sans-serif; font-size: small;\">Los\u00a0televisores inteligentes Smart TV son ensamblados en Ecuador para de esta forma compensar la ca\u00edda de la demanda. Los precios tuvieron que abaratarse o las ventas seguir\u00edan en descenso.\u00a0<\/span><\/p>\n<\/div>\n<div style=\"text-align: justify;\"><span style=\"color: black; font-family: Verdana, sans-serif; font-size: small;\">Por esta raz\u00f3n la empresa coreana decidi\u00f3 ensamblar localmente. En palabras del presidente de LG en Ecuador, Sunghwan Ma: &#8220;Por la situaci\u00f3n econ\u00f3mica, nos tenemos que preparar para ser m\u00e1s competitivos, m\u00e1s adecuados para el consumidor ecuatoriano&#8221;.<\/span><\/div>\n<div style=\"text-align: justify;\"><\/div>\n<div style=\"text-align: justify;\"><span style=\"color: black; font-family: Verdana, sans-serif; font-size: small;\">La l\u00ednea de producci\u00f3n de LG, en alianza con Innacensa, comenz\u00f3 a ensamblar las pantallas de la marca coreana con partes importadas como la estructura, los componentes peque\u00f1os o la placa electr\u00f3nica base. Las mainboards secundarias, tambi\u00e9n importadas, en breve, ser\u00e1n &#8216;made in Ecuador&#8217;.<\/span><\/div>\n<div style=\"text-align: justify;\"><\/div>\n<div style=\"text-align: justify;\"><span style=\"color: black; font-family: Verdana, sans-serif; font-size: small;\">Otra secci\u00f3n de la planta, ubicada en la v\u00eda Dur\u00e1n-Boliche, se dedica a fabricar tarjetas electr\u00f3nicas. Y as\u00ed el porcentaje de componente electr\u00f3nico pasar\u00e1 del 13 % a m\u00e1s del 20 %.<\/span><\/div>\n<div style=\"text-align: justify;\"><\/div>\n<div style=\"text-align: justify;\"><span style=\"color: black; font-family: Verdana, sans-serif; font-size: small;\">Con todos sus microelementos y tambi\u00e9n con supervisi\u00f3n de los ingenieros coreanos de LG es como ya est\u00e1 en sus 15 d\u00edas de prueba del proceso para fabricar tarjetas electr\u00f3nicas. &#8220;Agradezco mucho a los ecuatorianos porque su mano es muy artesanal y con la velocidad m\u00e1xima, nunca se falla&#8221;, dijo Ma, conocido en Ecuador como Hugo, a los medios en un buen manejo del espa\u00f1ol. Pero eso ser\u00e1 a partir de diciembre. Hasta ahora, en el pa\u00eds se incorporaban elementos de protecci\u00f3n o embalaje, principalmente.<\/span><\/div>\n<div style=\"text-align: justify;\"><\/div>\n<div style=\"text-align: justify;\"><span style=\"color: black; font-family: Verdana, sans-serif; font-size: small;\">Obtener una producci\u00f3n de 16.000 televisores mensuales, de 32, 43 y 49 pulgadas, y monitores para computadora de 19 pulgadas es el resultado de toda esta estrategia, iniciada hace dos a\u00f1os. (I)<\/span><\/div>\n<div><\/div>\n<div><span style=\"color: black; font-family: Verdana, sans-serif; font-size: small;\">Fuente: <\/span><a href=\"http:\/\/expreso.ec\/expreso\/plantillas\/nota.aspx?idart=8680445&amp;idcat=38229&amp;tipo=2\" target=\"_blank\" rel=\"noopener noreferrer\"><span style=\"font-family: Verdana, sans-serif; font-size: small;\">http:\/\/expreso.ec\/expreso\/plantillas\/nota.aspx?idart=8680445&amp;idcat=38229&amp;tipo=2<\/span><\/a><\/div>\n","protected":false},"excerpt":{"rendered":"<p>Los\u00a0televisores inteligentes Smart TV son ensamblados en Ecuador para de esta forma compensar la ca\u00edda de la demanda. Los precios tuvieron que abaratarse o las ventas seguir\u00edan en descenso.\u00a0 Por esta raz\u00f3n la empresa coreana decidi\u00f3 ensamblar localmente. En palabras del presidente de LG en Ecuador, Sunghwan Ma: &#8220;Por la situaci\u00f3n econ\u00f3mica, nos tenemos que preparar para ser m\u00e1s competitivos, m\u00e1s adecuados para el consumidor ecuatoriano&#8221;. La l\u00ednea de producci\u00f3n de LG, en alianza con Innacensa, comenz\u00f3 a ensamblar las pantallas de la marca coreana con partes importadas como la estructura, los componentes peque\u00f1os o la placa electr\u00f3nica base. Las mainboards secundarias, tambi\u00e9n importadas, en breve, ser\u00e1n &#8216;made in Ecuador&#8217;. Otra secci\u00f3n de la planta, ubicada en la v\u00eda Dur\u00e1n-Boliche, se dedica a fabricar tarjetas electr\u00f3nicas. Y as\u00ed el porcentaje de componente electr\u00f3nico pasar\u00e1 del 13 % a m\u00e1s del 20 %. Con todos sus microelementos y tambi\u00e9n con supervisi\u00f3n de los ingenieros coreanos de LG es como ya est\u00e1 en sus 15 d\u00edas de prueba del proceso para fabricar tarjetas electr\u00f3nicas. &#8220;Agradezco mucho a los ecuatorianos porque su mano es muy artesanal y con la velocidad m\u00e1xima, nunca se falla&#8221;, dijo Ma, conocido en Ecuador como Hugo, a los medios en un buen manejo del espa\u00f1ol. Pero eso ser\u00e1 a partir de diciembre. Hasta ahora, en el pa\u00eds se incorporaban elementos de protecci\u00f3n o embalaje, principalmente. Obtener una producci\u00f3n de 16.000 televisores mensuales, de 32, 43 y 49 pulgadas, y monitores para computadora de 19 pulgadas es el resultado de toda esta estrategia, iniciada hace dos a\u00f1os. (I) Fuente: http:\/\/expreso.ec\/expreso\/plantillas\/nota.aspx?idart=8680445&amp;idcat=38229&amp;tipo=2<\/p>\n","protected":false},"author":1,"featured_media":236421,"comment_status":"open","ping_status":"open","sticky":false,"template":"","format":"standard","meta":[],"categories":[43],"tags":[],"_links":{"self":[{"href":"https:\/\/www.ecuadortimes.net\/es\/wp-json\/wp\/v2\/posts\/236420"}],"collection":[{"href":"https:\/\/www.ecuadortimes.net\/es\/wp-json\/wp\/v2\/posts"}],"about":[{"href":"https:\/\/www.ecuadortimes.net\/es\/wp-json\/wp\/v2\/types\/post"}],"author":[{"embeddable":true,"href":"https:\/\/www.ecuadortimes.net\/es\/wp-json\/wp\/v2\/users\/1"}],"replies":[{"embeddable":true,"href":"https:\/\/www.ecuadortimes.net\/es\/wp-json\/wp\/v2\/comments?post=236420"}],"version-history":[{"count":0,"href":"https:\/\/www.ecuadortimes.net\/es\/wp-json\/wp\/v2\/posts\/236420\/revisions"}],"wp:featuredmedia":[{"embeddable":true,"href":"https:\/\/www.ecuadortimes.net\/es\/wp-json\/wp\/v2\/media\/236421"}],"wp:attachment":[{"href":"https:\/\/www.ecuadortimes.net\/es\/wp-json\/wp\/v2\/media?parent=236420"}],"wp:term":[{"taxonomy":"category","embeddable":true,"href":"https:\/\/www.ecuadortimes.net\/es\/wp-json\/wp\/v2\/categories?post=236420"},{"taxonomy":"post_tag","embeddable":true,"href":"https:\/\/www.ecuadortimes.net\/es\/wp-json\/wp\/v2\/tags?post=236420"}],"curies":[{"name":"wp","href":"https:\/\/api.w.org\/{rel}","templated":true}]}}