{"id":236434,"date":"2015-11-23T00:00:00","date_gmt":"2015-11-23T00:00:00","guid":{"rendered":"https:\/\/www.ecuadortimes.net\/es\/tres-derechos-alrededor-de-los-cambios-laborales\/"},"modified":"2015-11-23T00:00:00","modified_gmt":"2015-11-23T00:00:00","slug":"tres-derechos-alrededor-de-los-cambios-laborales","status":"publish","type":"post","link":"https:\/\/www.ecuadortimes.net\/es\/tres-derechos-alrededor-de-los-cambios-laborales\/","title":{"rendered":"Tres derechos alrededor de los cambios laborales"},"content":{"rendered":"<p>&nbsp;<\/p>\n<p><a href=\"http:\/\/www.ecuadortimes.net\/es\/wp-content\/uploads\/2015\/11\/trabjando-ecuadortimes-ecuadornews.jpg\"><img loading=\"lazy\" class=\"size-medium wp-image-170491 aligncenter\" src=\"https:\/\/www.ecuadortimes.net\/es\/wp-content\/uploads\/2015\/11\/trabjando-ecuadortimes-ecuadornews-300x147.jpg\" alt=\"trabjando-ecuadortimes-ecuadornews\" width=\"300\" height=\"147\" \/><\/a><\/p>\n<p>&nbsp;<\/p>\n<p>El oficialismo impuls\u00f3 un paquete de enmiendas de car\u00e1cter laboral que busca unificar a todos los trabajadores del sector p\u00fabico, bajo la Ley Org\u00e1nica del Servicio P\u00fablico (Losep).<\/p>\n<p>&nbsp;<\/p>\n<p>Actualmente, en las instituciones del Estado hay dos reg\u00edmenes laborales: los obreros que hacen una actividad manual y que est\u00e1n amparados bajo el C\u00f3digo de Trabajo, y los dem\u00e1s servidores, por la Losep.<\/p>\n<p>La propuesta de unificaci\u00f3n ha sido criticada por los dirigentes del Frente Unitario de Trabajadores (FUT), que aseguran que los trabajadores -al estar amparados por la Losep- perder\u00edan los derechos de sindicalizaci\u00f3n, contrato colectivo y a la huelga, que actualmente se garantiza con el C\u00f3digo de Trabajo.<\/p>\n<p>&nbsp;<\/p>\n<p>El oficialismo propone que en la Losep se garantice el derecho a la huelga y a la sindicalizaci\u00f3n, pero no a la negociaci\u00f3n colectiva. Para agrupaciones como el Parlamento Laboral, pese a los ajustes, esa propuesta no es completa.<\/p>\n<p>&nbsp;<\/p>\n<p>Ellos se reunir\u00e1n hoy con el Presidente y presentar\u00e1n una propuesta alternativa, que fue construida el fin de semana entre el equipo jur\u00eddico del Parlamento y del FUT. (I)<\/p>\n<p>Fuente: <a href=\"http:\/\/www.elcomercio.com\/actualidad\/tres-derechos-alrededor-cambios-laborales.html\">http:\/\/www.elcomercio.com\/actualidad\/tres-derechos-alrededor-cambios-laborales.html<\/a><\/p>\n<p>&nbsp;<\/p>\n","protected":false},"excerpt":{"rendered":"<p>&nbsp; &nbsp; El oficialismo impuls\u00f3 un paquete de enmiendas de car\u00e1cter laboral que busca unificar a todos los trabajadores del sector p\u00fabico, bajo la Ley Org\u00e1nica del Servicio P\u00fablico (Losep). &nbsp; Actualmente, en las instituciones del Estado hay dos reg\u00edmenes laborales: los obreros que hacen una actividad manual y que est\u00e1n amparados bajo el C\u00f3digo de Trabajo, y los dem\u00e1s servidores, por la Losep. La propuesta de unificaci\u00f3n ha sido criticada por los dirigentes del Frente Unitario de Trabajadores (FUT), que aseguran que los trabajadores -al estar amparados por la Losep- perder\u00edan los derechos de sindicalizaci\u00f3n, contrato colectivo y a la huelga, que actualmente se garantiza con el C\u00f3digo de Trabajo. &nbsp; El oficialismo propone que en la Losep se garantice el derecho a la huelga y a la sindicalizaci\u00f3n, pero no a la negociaci\u00f3n colectiva. Para agrupaciones como el Parlamento Laboral, pese a los ajustes, esa propuesta no es completa. &nbsp; Ellos se reunir\u00e1n hoy con el Presidente y presentar\u00e1n una propuesta alternativa, que fue construida el fin de semana entre el equipo jur\u00eddico del Parlamento y del FUT. (I) Fuente: http:\/\/www.elcomercio.com\/actualidad\/tres-derechos-alrededor-cambios-laborales.html &nbsp;<\/p>\n","protected":false},"author":1,"featured_media":236435,"comment_status":"open","ping_status":"open","sticky":false,"template":"","format":"standard","meta":[],"categories":[40],"tags":[],"_links":{"self":[{"href":"https:\/\/www.ecuadortimes.net\/es\/wp-json\/wp\/v2\/posts\/236434"}],"collection":[{"href":"https:\/\/www.ecuadortimes.net\/es\/wp-json\/wp\/v2\/posts"}],"about":[{"href":"https:\/\/www.ecuadortimes.net\/es\/wp-json\/wp\/v2\/types\/post"}],"author":[{"embeddable":true,"href":"https:\/\/www.ecuadortimes.net\/es\/wp-json\/wp\/v2\/users\/1"}],"replies":[{"embeddable":true,"href":"https:\/\/www.ecuadortimes.net\/es\/wp-json\/wp\/v2\/comments?post=236434"}],"version-history":[{"count":0,"href":"https:\/\/www.ecuadortimes.net\/es\/wp-json\/wp\/v2\/posts\/236434\/revisions"}],"wp:featuredmedia":[{"embeddable":true,"href":"https:\/\/www.ecuadortimes.net\/es\/wp-json\/wp\/v2\/media\/236435"}],"wp:attachment":[{"href":"https:\/\/www.ecuadortimes.net\/es\/wp-json\/wp\/v2\/media?parent=236434"}],"wp:term":[{"taxonomy":"category","embeddable":true,"href":"https:\/\/www.ecuadortimes.net\/es\/wp-json\/wp\/v2\/categories?post=236434"},{"taxonomy":"post_tag","embeddable":true,"href":"https:\/\/www.ecuadortimes.net\/es\/wp-json\/wp\/v2\/tags?post=236434"}],"curies":[{"name":"wp","href":"https:\/\/api.w.org\/{rel}","templated":true}]}}