{"id":236438,"date":"2015-11-23T00:00:00","date_gmt":"2015-11-23T00:00:00","guid":{"rendered":"https:\/\/www.ecuadortimes.net\/es\/del-gobierno-no-requerimos-ayuda-pero-si-comprension-dijo-moeller\/"},"modified":"2015-11-23T00:00:00","modified_gmt":"2015-11-23T00:00:00","slug":"del-gobierno-no-requerimos-ayuda-pero-si-comprension-dijo-moeller","status":"publish","type":"post","link":"https:\/\/www.ecuadortimes.net\/es\/del-gobierno-no-requerimos-ayuda-pero-si-comprension-dijo-moeller\/","title":{"rendered":"&#8220;Del Gobierno no requerimos ayuda, pero s\u00ed comprensi\u00f3n&#8221; dijo Moeller"},"content":{"rendered":"<div id=\"attachment_170501\" style=\"width: 310px\" class=\"wp-caption alignnone\"><a href=\"http:\/\/www.ecuadortimes.net\/es\/wp-content\/uploads\/2015\/11\/Captura-de-pantalla-2015-11-23-a-las-4.51.46-p.m..png\"><img aria-describedby=\"caption-attachment-170501\" loading=\"lazy\" class=\"size-medium wp-image-170501\" src=\"https:\/\/www.ecuadortimes.net\/es\/wp-content\/uploads\/2015\/11\/Captura-de-pantalla-2015-11-23-a-las-4.51.46-p.m.-300x294.png\" alt=\"Imagen: Expreso\" width=\"300\" height=\"294\" \/><\/a><p id=\"caption-attachment-170501\" class=\"wp-caption-text\">Imagen: Expreso<\/p><\/div>\n<p>Werner Moeller Freile, presidente del Grupo Moeller, no termin\u00f3 el bachillerato; m\u00e1s a\u00fan, la falta de estudios no le fue impedimento para fundar empresas y bancos (entre ellos, Bolivariano) en esta ciudad. Una trayectoria que esta noche ser\u00e1 reconocida, cuando la C\u00e1mara de Industrias de Guayaquil (CIG) lo distinga a sus 82 a\u00f1os, como el &#8216;Mejor Industrial del A\u00f1o&#8217;.<\/p>\n<p>Pr\u00e1cticamente no ha habido un desarrollo sustancial. Las grandes f\u00e1bricas se han ido a Per\u00fa, Colombia. Ecuador tiene potencial para convertirse hasta en un pa\u00eds productor de autom\u00f3viles, pero eso no se ha dado. No se ha trabajado en el desarrollo de mercados, que es la base para industrializar a un pa\u00eds.<\/p>\n<p>Moeller dijo que no necesitan de ning\u00fan tipo de ayuda ni de prebendas del Gobierno, requerimos su comprensi\u00f3n, de facilidades para poder trabajar. Eso no se da si se exige un pago del 5 % de todo lo que se vende en el exterior, si ese impuesto est\u00e1 mermando el desarrollo. Si este Gobierno contin\u00faa minimizando, no entendiendo ni apoyando el esfuerzo que hacemos, entonces nunca habr\u00e1 una industria autogeneradora, que se mantiene por s\u00ed misma, que no requiere de apoyo.\u009d (I)<\/p>\n<p>&nbsp;<\/p>\n<p>Fuente: <a href=\"http:\/\/expreso.ec\/expreso\/plantillas\/nota.aspx?idart=8686729&amp;idcat=38269&amp;tipo=2\">http:\/\/expreso.ec\/expreso\/plantillas\/nota.aspx?idart=8686729&amp;idcat=38269&amp;tipo=2<\/a><\/p>\n","protected":false},"excerpt":{"rendered":"<p>Werner Moeller Freile, presidente del Grupo Moeller, no termin\u00f3 el bachillerato; m\u00e1s a\u00fan, la falta de estudios no le fue impedimento para fundar empresas y bancos (entre ellos, Bolivariano) en esta ciudad. Una trayectoria que esta noche ser\u00e1 reconocida, cuando la C\u00e1mara de Industrias de Guayaquil (CIG) lo distinga a sus 82 a\u00f1os, como el &#8216;Mejor Industrial del A\u00f1o&#8217;. Pr\u00e1cticamente no ha habido un desarrollo sustancial. Las grandes f\u00e1bricas se han ido a Per\u00fa, Colombia. Ecuador tiene potencial para convertirse hasta en un pa\u00eds productor de autom\u00f3viles, pero eso no se ha dado. No se ha trabajado en el desarrollo de mercados, que es la base para industrializar a un pa\u00eds. Moeller dijo que no necesitan de ning\u00fan tipo de ayuda ni de prebendas del Gobierno, requerimos su comprensi\u00f3n, de facilidades para poder trabajar. Eso no se da si se exige un pago del 5 % de todo lo que se vende en el exterior, si ese impuesto est\u00e1 mermando el desarrollo. Si este Gobierno contin\u00faa minimizando, no entendiendo ni apoyando el esfuerzo que hacemos, entonces nunca habr\u00e1 una industria autogeneradora, que se mantiene por s\u00ed misma, que no requiere de apoyo.\u009d (I) &nbsp; Fuente: http:\/\/expreso.ec\/expreso\/plantillas\/nota.aspx?idart=8686729&amp;idcat=38269&amp;tipo=2<\/p>\n","protected":false},"author":1,"featured_media":0,"comment_status":"open","ping_status":"open","sticky":false,"template":"","format":"standard","meta":[],"categories":[35,46],"tags":[],"_links":{"self":[{"href":"https:\/\/www.ecuadortimes.net\/es\/wp-json\/wp\/v2\/posts\/236438"}],"collection":[{"href":"https:\/\/www.ecuadortimes.net\/es\/wp-json\/wp\/v2\/posts"}],"about":[{"href":"https:\/\/www.ecuadortimes.net\/es\/wp-json\/wp\/v2\/types\/post"}],"author":[{"embeddable":true,"href":"https:\/\/www.ecuadortimes.net\/es\/wp-json\/wp\/v2\/users\/1"}],"replies":[{"embeddable":true,"href":"https:\/\/www.ecuadortimes.net\/es\/wp-json\/wp\/v2\/comments?post=236438"}],"version-history":[{"count":0,"href":"https:\/\/www.ecuadortimes.net\/es\/wp-json\/wp\/v2\/posts\/236438\/revisions"}],"wp:attachment":[{"href":"https:\/\/www.ecuadortimes.net\/es\/wp-json\/wp\/v2\/media?parent=236438"}],"wp:term":[{"taxonomy":"category","embeddable":true,"href":"https:\/\/www.ecuadortimes.net\/es\/wp-json\/wp\/v2\/categories?post=236438"},{"taxonomy":"post_tag","embeddable":true,"href":"https:\/\/www.ecuadortimes.net\/es\/wp-json\/wp\/v2\/tags?post=236438"}],"curies":[{"name":"wp","href":"https:\/\/api.w.org\/{rel}","templated":true}]}}