{"id":236443,"date":"2015-11-24T00:00:00","date_gmt":"2015-11-24T00:00:00","guid":{"rendered":"https:\/\/www.ecuadortimes.net\/es\/jefe-del-comando-conjunto-de-ff-aa-respondio-a-abogado-de-tres-ex-avc-por-juicio-de-lesa-humanidad\/"},"modified":"2015-11-24T00:00:00","modified_gmt":"2015-11-24T00:00:00","slug":"jefe-del-comando-conjunto-de-ff-aa-respondio-a-abogado-de-tres-ex-avc-por-juicio-de-lesa-humanidad","status":"publish","type":"post","link":"https:\/\/www.ecuadortimes.net\/es\/jefe-del-comando-conjunto-de-ff-aa-respondio-a-abogado-de-tres-ex-avc-por-juicio-de-lesa-humanidad\/","title":{"rendered":"Jefe del Comando Conjunto de FF.AA. respondi\u00f3 a abogado de tres ex-AVC por juicio de lesa humanidad"},"content":{"rendered":"<p>&nbsp;<\/p>\n<div id=\"attachment_170512\" style=\"width: 310px\" class=\"wp-caption aligncenter\"><a href=\"http:\/\/www.ecuadortimes.net\/es\/wp-content\/uploads\/2015\/11\/Captura-de-pantalla-2015-11-24-a-las-10.30.48-a.m..png\"><img aria-describedby=\"caption-attachment-170512\" loading=\"lazy\" class=\"size-medium wp-image-170512\" src=\"https:\/\/www.ecuadortimes.net\/es\/wp-content\/uploads\/2015\/11\/Captura-de-pantalla-2015-11-24-a-las-10.30.48-a.m.-300x166.png\" alt=\"Imagen: El Comercio\" width=\"300\" height=\"166\" \/><\/a><p id=\"caption-attachment-170512\" class=\"wp-caption-text\">Imagen: El Comercio<\/p><\/div>\n<p>Un oficio con la respuesta del Alto Mando militar lleg\u00f3 esta ma\u00f1ana, lunes 23 de noviembre del 2015, a la oficina de Juan Pablo Alb\u00e1n, abogado de Susana Cajas, Luis Vaca y Javier Jarr\u00edn, exintegrantes del grupo subversivo Alfaro Vive Carajo (AVC). Hace 12 d\u00edas, el jurista envi\u00f3 una carta a Luis Garz\u00f3n, jefe del Comando Conjunto de las Fuerzas Armadas, en la cual le solicitaba que aclarara cu\u00e1l es la posici\u00f3n institucional respecto a las presuntas torturas que se perpetraron entre 1985 y 1988, durante el gobierno de Le\u00f3n Febres Cordero.<\/p>\n<p>&nbsp;<\/p>\n<p>En el oficio, Garz\u00f3n no lo aclara. El oficial \u00fanicamente se\u00f1ala que &#8220;de conformidad con la Ley Org\u00e1nica de Defensa Nacional&#8221;, los asuntos requeridos por las instituciones del Estado a las FF.AA, ser\u00e1n canalizados a trav\u00e9s del Ministerio de Defensa. Y agrega que &#8220;su pedido deber\u00e1 ser dirigido a trav\u00e9s de la mencionada autoridad pol\u00edtica&#8221;.<\/p>\n<p>&nbsp;<\/p>\n<p>El 9 de noviembre, el Alto Mando se moviliz\u00f3 y lleg\u00f3 hasta la Corte Nacional de Justicia (CNJ), en Quito, para respaldar a los cinco militares, hoy en retiro, procesados por perpetrar presuntos cr\u00edmenes de lesa humanidad contra Vaca, Cajas y Jarr\u00edn. Es el primer juicio que se desarrolla en el pa\u00eds bajo esa figura penal.<\/p>\n<p>&nbsp;<\/p>\n<p>En el Gobierno, la presencia de la c\u00fapula militar en la CNJ no fue bien vista. El presidente Rafael Correa dijo que era &#8220;inadmisible, inoportuna e intolerable&#8221; la asistencia de los uniformados a la audiencia. (I)<\/p>\n<p>&nbsp;<\/p>\n<p>Fuente: <a href=\"http:\/\/www.elcomercio.com\/actualidad\/comando-conjunto-ffaa-avc-juicio.html\">http:\/\/www.elcomercio.com\/actualidad\/comando-conjunto-ffaa-avc-juicio.html<\/a><\/p>\n","protected":false},"excerpt":{"rendered":"<p>&nbsp; Un oficio con la respuesta del Alto Mando militar lleg\u00f3 esta ma\u00f1ana, lunes 23 de noviembre del 2015, a la oficina de Juan Pablo Alb\u00e1n, abogado de Susana Cajas, Luis Vaca y Javier Jarr\u00edn, exintegrantes del grupo subversivo Alfaro Vive Carajo (AVC). Hace 12 d\u00edas, el jurista envi\u00f3 una carta a Luis Garz\u00f3n, jefe del Comando Conjunto de las Fuerzas Armadas, en la cual le solicitaba que aclarara cu\u00e1l es la posici\u00f3n institucional respecto a las presuntas torturas que se perpetraron entre 1985 y 1988, durante el gobierno de Le\u00f3n Febres Cordero. &nbsp; En el oficio, Garz\u00f3n no lo aclara. El oficial \u00fanicamente se\u00f1ala que &#8220;de conformidad con la Ley Org\u00e1nica de Defensa Nacional&#8221;, los asuntos requeridos por las instituciones del Estado a las FF.AA, ser\u00e1n canalizados a trav\u00e9s del Ministerio de Defensa. Y agrega que &#8220;su pedido deber\u00e1 ser dirigido a trav\u00e9s de la mencionada autoridad pol\u00edtica&#8221;. &nbsp; El 9 de noviembre, el Alto Mando se moviliz\u00f3 y lleg\u00f3 hasta la Corte Nacional de Justicia (CNJ), en Quito, para respaldar a los cinco militares, hoy en retiro, procesados por perpetrar presuntos cr\u00edmenes de lesa humanidad contra Vaca, Cajas y Jarr\u00edn. Es el primer juicio que se desarrolla en el pa\u00eds bajo esa figura penal. &nbsp; En el Gobierno, la presencia de la c\u00fapula militar en la CNJ no fue bien vista. El presidente Rafael Correa dijo que era &#8220;inadmisible, inoportuna e intolerable&#8221; la asistencia de los uniformados a la audiencia. (I) &nbsp; Fuente: http:\/\/www.elcomercio.com\/actualidad\/comando-conjunto-ffaa-avc-juicio.html<\/p>\n","protected":false},"author":1,"featured_media":0,"comment_status":"open","ping_status":"open","sticky":false,"template":"","format":"standard","meta":[],"categories":[40],"tags":[],"_links":{"self":[{"href":"https:\/\/www.ecuadortimes.net\/es\/wp-json\/wp\/v2\/posts\/236443"}],"collection":[{"href":"https:\/\/www.ecuadortimes.net\/es\/wp-json\/wp\/v2\/posts"}],"about":[{"href":"https:\/\/www.ecuadortimes.net\/es\/wp-json\/wp\/v2\/types\/post"}],"author":[{"embeddable":true,"href":"https:\/\/www.ecuadortimes.net\/es\/wp-json\/wp\/v2\/users\/1"}],"replies":[{"embeddable":true,"href":"https:\/\/www.ecuadortimes.net\/es\/wp-json\/wp\/v2\/comments?post=236443"}],"version-history":[{"count":0,"href":"https:\/\/www.ecuadortimes.net\/es\/wp-json\/wp\/v2\/posts\/236443\/revisions"}],"wp:attachment":[{"href":"https:\/\/www.ecuadortimes.net\/es\/wp-json\/wp\/v2\/media?parent=236443"}],"wp:term":[{"taxonomy":"category","embeddable":true,"href":"https:\/\/www.ecuadortimes.net\/es\/wp-json\/wp\/v2\/categories?post=236443"},{"taxonomy":"post_tag","embeddable":true,"href":"https:\/\/www.ecuadortimes.net\/es\/wp-json\/wp\/v2\/tags?post=236443"}],"curies":[{"name":"wp","href":"https:\/\/api.w.org\/{rel}","templated":true}]}}