{"id":236444,"date":"2015-11-24T00:00:00","date_gmt":"2015-11-24T00:00:00","guid":{"rendered":"https:\/\/www.ecuadortimes.net\/es\/escuelas-tendran-plan-de-seguridad-en-ecuador\/"},"modified":"2015-11-24T00:00:00","modified_gmt":"2015-11-24T00:00:00","slug":"escuelas-tendran-plan-de-seguridad-en-ecuador","status":"publish","type":"post","link":"https:\/\/www.ecuadortimes.net\/es\/escuelas-tendran-plan-de-seguridad-en-ecuador\/","title":{"rendered":"Escuelas tendr\u00e1n plan de seguridad en Ecuador"},"content":{"rendered":"<p>&nbsp;<\/p>\n<div id=\"attachment_170520\" style=\"width: 310px\" class=\"wp-caption aligncenter\"><a href=\"http:\/\/www.ecuadortimes.net\/es\/wp-content\/uploads\/2015\/11\/seguridadEscuelas-ecuadortimes-ecuadornews.jpg\"><img aria-describedby=\"caption-attachment-170520\" loading=\"lazy\" class=\"size-medium wp-image-170520\" src=\"https:\/\/www.ecuadortimes.net\/es\/wp-content\/uploads\/2015\/11\/seguridadEscuelas-ecuadortimes-ecuadornews-300x143.jpg\" alt=\"Imagen: Ecuavisa\" width=\"300\" height=\"143\" \/><\/a><p id=\"caption-attachment-170520\" class=\"wp-caption-text\">Imagen: Ecuavisa<\/p><\/div>\n<p style=\"text-align: justify;\">Un plan integral de seguridad se implementar\u00e1 en los planteles del pa\u00eds, anunci\u00f3 ayer el ministro de Educaci\u00f3n, Augusto Espinosa. El proyecto piloto se aplicar\u00e1 en el colegio Vicente Rocafuerte de Guayaquil y el Central T\u00e9cnico de Quito.<\/p>\n<p style=\"text-align: justify;\">\n<p style=\"text-align: justify;\">Con ello se busca que las entidades educativas puedan responder ante situaciones que pongan en riesgo a los estudiantes, docentes y las infraestructuras.<\/p>\n<p style=\"text-align: justify;\">\n<p style=\"text-align: justify;\">El proceso incluir\u00e1 primero un estudio de seguridad, luego un plan de reducci\u00f3n de riesgos y se determinar\u00e1 un protocolo de respuesta. Tambi\u00e9n se contemplan capacitaciones de gesti\u00f3n de riesgo a docentes y alumnos.<\/p>\n<p style=\"text-align: justify;\">\n<p style=\"text-align: justify;\">Dir\u00eda que muy pocos planteles tienen una visi\u00f3n integral de seguridad y pocos han establecido un plan de seguridad\u009d, dijo Espinosa, al explicar que el riesgo no solo representa un sismo o una erupci\u00f3n volc\u00e1nica, sino un robo o la presencia de microtraficantes fuera de un plantel escolar.<\/p>\n<p style=\"text-align: justify;\">\n<p style=\"text-align: justify;\">El plan operativo pretende que se active a partir de septiembre del 2016. (I)<\/p>\n<p style=\"text-align: justify;\">Fuente: <a href=\"http:\/\/www.eluniverso.com\/noticias\/2015\/11\/24\/nota\/5259306\/planteles-tendran-plan-seguridad\">http:\/\/www.eluniverso.com\/noticias\/2015\/11\/24\/nota\/5259306\/planteles-tendran-plan-seguridad<\/a><\/p>\n","protected":false},"excerpt":{"rendered":"<p>&nbsp; Un plan integral de seguridad se implementar\u00e1 en los planteles del pa\u00eds, anunci\u00f3 ayer el ministro de Educaci\u00f3n, Augusto Espinosa. El proyecto piloto se aplicar\u00e1 en el colegio Vicente Rocafuerte de Guayaquil y el Central T\u00e9cnico de Quito. Con ello se busca que las entidades educativas puedan responder ante situaciones que pongan en riesgo a los estudiantes, docentes y las infraestructuras. El proceso incluir\u00e1 primero un estudio de seguridad, luego un plan de reducci\u00f3n de riesgos y se determinar\u00e1 un protocolo de respuesta. Tambi\u00e9n se contemplan capacitaciones de gesti\u00f3n de riesgo a docentes y alumnos. Dir\u00eda que muy pocos planteles tienen una visi\u00f3n integral de seguridad y pocos han establecido un plan de seguridad\u009d, dijo Espinosa, al explicar que el riesgo no solo representa un sismo o una erupci\u00f3n volc\u00e1nica, sino un robo o la presencia de microtraficantes fuera de un plantel escolar. El plan operativo pretende que se active a partir de septiembre del 2016. (I) Fuente: http:\/\/www.eluniverso.com\/noticias\/2015\/11\/24\/nota\/5259306\/planteles-tendran-plan-seguridad<\/p>\n","protected":false},"author":1,"featured_media":236445,"comment_status":"open","ping_status":"open","sticky":false,"template":"","format":"standard","meta":[],"categories":[35],"tags":[],"_links":{"self":[{"href":"https:\/\/www.ecuadortimes.net\/es\/wp-json\/wp\/v2\/posts\/236444"}],"collection":[{"href":"https:\/\/www.ecuadortimes.net\/es\/wp-json\/wp\/v2\/posts"}],"about":[{"href":"https:\/\/www.ecuadortimes.net\/es\/wp-json\/wp\/v2\/types\/post"}],"author":[{"embeddable":true,"href":"https:\/\/www.ecuadortimes.net\/es\/wp-json\/wp\/v2\/users\/1"}],"replies":[{"embeddable":true,"href":"https:\/\/www.ecuadortimes.net\/es\/wp-json\/wp\/v2\/comments?post=236444"}],"version-history":[{"count":0,"href":"https:\/\/www.ecuadortimes.net\/es\/wp-json\/wp\/v2\/posts\/236444\/revisions"}],"wp:featuredmedia":[{"embeddable":true,"href":"https:\/\/www.ecuadortimes.net\/es\/wp-json\/wp\/v2\/media\/236445"}],"wp:attachment":[{"href":"https:\/\/www.ecuadortimes.net\/es\/wp-json\/wp\/v2\/media?parent=236444"}],"wp:term":[{"taxonomy":"category","embeddable":true,"href":"https:\/\/www.ecuadortimes.net\/es\/wp-json\/wp\/v2\/categories?post=236444"},{"taxonomy":"post_tag","embeddable":true,"href":"https:\/\/www.ecuadortimes.net\/es\/wp-json\/wp\/v2\/tags?post=236444"}],"curies":[{"name":"wp","href":"https:\/\/api.w.org\/{rel}","templated":true}]}}