{"id":236450,"date":"2015-11-24T00:00:00","date_gmt":"2015-11-24T00:00:00","guid":{"rendered":"https:\/\/www.ecuadortimes.net\/es\/la-fiscalia-presento-los-alegatos-finales-en-el-juicio-contra-exasambleista-de-pais\/"},"modified":"2015-11-24T00:00:00","modified_gmt":"2015-11-24T00:00:00","slug":"la-fiscalia-presento-los-alegatos-finales-en-el-juicio-contra-exasambleista-de-pais","status":"publish","type":"post","link":"https:\/\/www.ecuadortimes.net\/es\/la-fiscalia-presento-los-alegatos-finales-en-el-juicio-contra-exasambleista-de-pais\/","title":{"rendered":"La Fiscal\u00eda present\u00f3 los alegatos finales en el juicio contra exasamble\u00edsta de PAIS"},"content":{"rendered":"<p>&nbsp;<\/p>\n<div id=\"attachment_170527\" style=\"width: 310px\" class=\"wp-caption alignright\"><a href=\"http:\/\/www.ecuadortimes.net\/es\/wp-content\/uploads\/2015\/11\/Captura-de-pantalla-2015-11-24-a-las-1.17.43-p.m..png\"><img aria-describedby=\"caption-attachment-170527\" loading=\"lazy\" class=\"size-medium wp-image-170527\" src=\"https:\/\/www.ecuadortimes.net\/es\/wp-content\/uploads\/2015\/11\/Captura-de-pantalla-2015-11-24-a-las-1.17.43-p.m.-300x200.png\" alt=\"Imagen: Expreso\" width=\"300\" height=\"200\" \/><\/a><p id=\"caption-attachment-170527\" class=\"wp-caption-text\">Imagen: Expreso<\/p><\/div>\n<p style=\"text-align: justify;\">El juicio contra la exasamble\u00edsta de Alianza PAIS y otras tres personas, acusadas de presunto cohecho, se acerca al final.<\/p>\n<p style=\"text-align: justify;\">\n<p style=\"text-align: justify;\">En el tercer d\u00eda de la diligencia, que se desarroll\u00f3 en el octavo piso de la Corte Nacional, el fiscal Galo Chiriboga present\u00f3 los alegatos finales.<\/p>\n<p style=\"text-align: justify;\">\n<p style=\"text-align: justify;\">Acus\u00f3 a la exlegisladora y a un exgerente de la Empresa de Agua Potable de Esmeraldas como autores del delito seg\u00fan al art\u00edculo 285, inciso primero del C\u00f3digo Org\u00e1nico Integral Penal (COIP).<\/p>\n<p style=\"text-align: justify;\">\n<p style=\"text-align: justify;\">Para una tercer individuo la acusaci\u00f3n fue como autor del mismo delito pero con el art\u00edculo 290 del C\u00f3digo Penal porque no era funcionario p\u00fablico.<\/p>\n<p>&nbsp;<\/p>\n<p>Chiriboga se abstuvo de acusar al cuarto procesado porque no era funcionario p\u00fablico y solo cumpl\u00eda \u00f3rdenes. La Fiscal\u00eda presume que la procesada habr\u00eda solicitado, en nombre del vicepresidente Jorge Glas, 800.000 d\u00f3lares como supuesto aporte para Alianza PAIS. Hasta el cierre de esta edici\u00f3n los jueces no emit\u00edan su sentencia. (I)<\/p>\n<p>Fuente: <a href=\"http:\/\/expreso.ec\/expreso\/plantillas\/nota.aspx?idart=8690425&amp;idcat=38269&amp;tipo=2\">http:\/\/expreso.ec\/expreso\/plantillas\/nota.aspx?idart=8690425&amp;idcat=38269&amp;tipo=2<\/a><\/p>\n","protected":false},"excerpt":{"rendered":"<p>&nbsp; El juicio contra la exasamble\u00edsta de Alianza PAIS y otras tres personas, acusadas de presunto cohecho, se acerca al final. En el tercer d\u00eda de la diligencia, que se desarroll\u00f3 en el octavo piso de la Corte Nacional, el fiscal Galo Chiriboga present\u00f3 los alegatos finales. Acus\u00f3 a la exlegisladora y a un exgerente de la Empresa de Agua Potable de Esmeraldas como autores del delito seg\u00fan al art\u00edculo 285, inciso primero del C\u00f3digo Org\u00e1nico Integral Penal (COIP). Para una tercer individuo la acusaci\u00f3n fue como autor del mismo delito pero con el art\u00edculo 290 del C\u00f3digo Penal porque no era funcionario p\u00fablico. &nbsp; Chiriboga se abstuvo de acusar al cuarto procesado porque no era funcionario p\u00fablico y solo cumpl\u00eda \u00f3rdenes. La Fiscal\u00eda presume que la procesada habr\u00eda solicitado, en nombre del vicepresidente Jorge Glas, 800.000 d\u00f3lares como supuesto aporte para Alianza PAIS. Hasta el cierre de esta edici\u00f3n los jueces no emit\u00edan su sentencia. (I) Fuente: http:\/\/expreso.ec\/expreso\/plantillas\/nota.aspx?idart=8690425&amp;idcat=38269&amp;tipo=2<\/p>\n","protected":false},"author":1,"featured_media":0,"comment_status":"open","ping_status":"open","sticky":false,"template":"","format":"standard","meta":[],"categories":[40],"tags":[],"_links":{"self":[{"href":"https:\/\/www.ecuadortimes.net\/es\/wp-json\/wp\/v2\/posts\/236450"}],"collection":[{"href":"https:\/\/www.ecuadortimes.net\/es\/wp-json\/wp\/v2\/posts"}],"about":[{"href":"https:\/\/www.ecuadortimes.net\/es\/wp-json\/wp\/v2\/types\/post"}],"author":[{"embeddable":true,"href":"https:\/\/www.ecuadortimes.net\/es\/wp-json\/wp\/v2\/users\/1"}],"replies":[{"embeddable":true,"href":"https:\/\/www.ecuadortimes.net\/es\/wp-json\/wp\/v2\/comments?post=236450"}],"version-history":[{"count":0,"href":"https:\/\/www.ecuadortimes.net\/es\/wp-json\/wp\/v2\/posts\/236450\/revisions"}],"wp:attachment":[{"href":"https:\/\/www.ecuadortimes.net\/es\/wp-json\/wp\/v2\/media?parent=236450"}],"wp:term":[{"taxonomy":"category","embeddable":true,"href":"https:\/\/www.ecuadortimes.net\/es\/wp-json\/wp\/v2\/categories?post=236450"},{"taxonomy":"post_tag","embeddable":true,"href":"https:\/\/www.ecuadortimes.net\/es\/wp-json\/wp\/v2\/tags?post=236450"}],"curies":[{"name":"wp","href":"https:\/\/api.w.org\/{rel}","templated":true}]}}