{"id":236457,"date":"2015-11-25T00:00:00","date_gmt":"2015-11-25T00:00:00","guid":{"rendered":"https:\/\/www.ecuadortimes.net\/es\/rafael-correa-considera-muy-preocupante-posicion-de-mauricio-macri-sobre-venezuela\/"},"modified":"2015-11-25T00:00:00","modified_gmt":"2015-11-25T00:00:00","slug":"rafael-correa-considera-muy-preocupante-posicion-de-mauricio-macri-sobre-venezuela","status":"publish","type":"post","link":"https:\/\/www.ecuadortimes.net\/es\/rafael-correa-considera-muy-preocupante-posicion-de-mauricio-macri-sobre-venezuela\/","title":{"rendered":"Rafael Correa considera &#8220;muy preocupante&#8221; posici\u00f3n de Mauricio Macri sobre Venezuela"},"content":{"rendered":"<p>&nbsp;<\/p>\n<div id=\"attachment_170553\" style=\"width: 310px\" class=\"wp-caption aligncenter\"><a href=\"http:\/\/www.ecuadortimes.net\/es\/wp-content\/uploads\/2015\/11\/MACRI-ECUADORTIMES-ECUADORNEWS.jpg\"><img aria-describedby=\"caption-attachment-170553\" loading=\"lazy\" class=\"size-medium wp-image-170553\" src=\"https:\/\/www.ecuadortimes.net\/es\/wp-content\/uploads\/2015\/11\/MACRI-ECUADORTIMES-ECUADORNEWS-300x168.jpg\" alt=\"Imagen: El Universo\" width=\"300\" height=\"168\" \/><\/a><p id=\"caption-attachment-170553\" class=\"wp-caption-text\">Imagen: El Universo<\/p><\/div>\n<p>El presidente de la Rep\u00fablica Rafael Correa consider\u00f3 este martes &#8220;muy preocupante&#8221; la posici\u00f3n del presidente electo de Argentina Mauricio Macri quien anunci\u00f3 que pedir\u00e1 aplicar a Venezuela la cl\u00e1usula democr\u00e1tica de Mercosur por &#8220;persecuci\u00f3n a opositores&#8221;.<\/p>\n<p>&nbsp;<\/p>\n<p>&#8220;Es muy preocupante. Es claramente una interferencia en los asuntos internos de Venezuela&#8221;, asegur\u00f3 en un conversatorio con periodistas el mandatario, cuyo pa\u00eds es miembro asociado del bloque.<\/p>\n<p>&nbsp;<\/p>\n<p>&#8220;En Venezuela, le guste o no le guste, existe una democracia, y existe un proyecto pol\u00edtico que se ha cansado de ganar elecciones. Que hay perseguidos pol\u00edticos, etc&#8230; demu\u00e9strenlo! Tambi\u00e9n lo dicen de Ecuador. Cada vez que esta gente le cae a garrotazos a un polic\u00eda y lo deja medio muerto, despu\u00e9s se victimizan y dicen que ellos han sido reprimidos y van a la CIDH&#8221;, asegur\u00f3 Correa. (I)<\/p>\n<p>&nbsp;<\/p>\n<p>Fuente: <a href=\"http:\/\/www.eluniverso.com\/noticias\/2015\/11\/24\/nota\/5260506\/rafael-correa-considera-muy-preocupante-posicion-mauricio-macri\">http:\/\/www.eluniverso.com\/noticias\/2015\/11\/24\/nota\/5260506\/rafael-correa-considera-muy-preocupante-posicion-mauricio-macri<\/a><\/p>\n","protected":false},"excerpt":{"rendered":"<p>&nbsp; El presidente de la Rep\u00fablica Rafael Correa consider\u00f3 este martes &#8220;muy preocupante&#8221; la posici\u00f3n del presidente electo de Argentina Mauricio Macri quien anunci\u00f3 que pedir\u00e1 aplicar a Venezuela la cl\u00e1usula democr\u00e1tica de Mercosur por &#8220;persecuci\u00f3n a opositores&#8221;. &nbsp; &#8220;Es muy preocupante. Es claramente una interferencia en los asuntos internos de Venezuela&#8221;, asegur\u00f3 en un conversatorio con periodistas el mandatario, cuyo pa\u00eds es miembro asociado del bloque. &nbsp; &#8220;En Venezuela, le guste o no le guste, existe una democracia, y existe un proyecto pol\u00edtico que se ha cansado de ganar elecciones. Que hay perseguidos pol\u00edticos, etc&#8230; demu\u00e9strenlo! Tambi\u00e9n lo dicen de Ecuador. Cada vez que esta gente le cae a garrotazos a un polic\u00eda y lo deja medio muerto, despu\u00e9s se victimizan y dicen que ellos han sido reprimidos y van a la CIDH&#8221;, asegur\u00f3 Correa. (I) &nbsp; Fuente: http:\/\/www.eluniverso.com\/noticias\/2015\/11\/24\/nota\/5260506\/rafael-correa-considera-muy-preocupante-posicion-mauricio-macri<\/p>\n","protected":false},"author":1,"featured_media":236458,"comment_status":"open","ping_status":"open","sticky":false,"template":"","format":"standard","meta":[],"categories":[54,40],"tags":[],"_links":{"self":[{"href":"https:\/\/www.ecuadortimes.net\/es\/wp-json\/wp\/v2\/posts\/236457"}],"collection":[{"href":"https:\/\/www.ecuadortimes.net\/es\/wp-json\/wp\/v2\/posts"}],"about":[{"href":"https:\/\/www.ecuadortimes.net\/es\/wp-json\/wp\/v2\/types\/post"}],"author":[{"embeddable":true,"href":"https:\/\/www.ecuadortimes.net\/es\/wp-json\/wp\/v2\/users\/1"}],"replies":[{"embeddable":true,"href":"https:\/\/www.ecuadortimes.net\/es\/wp-json\/wp\/v2\/comments?post=236457"}],"version-history":[{"count":0,"href":"https:\/\/www.ecuadortimes.net\/es\/wp-json\/wp\/v2\/posts\/236457\/revisions"}],"wp:featuredmedia":[{"embeddable":true,"href":"https:\/\/www.ecuadortimes.net\/es\/wp-json\/wp\/v2\/media\/236458"}],"wp:attachment":[{"href":"https:\/\/www.ecuadortimes.net\/es\/wp-json\/wp\/v2\/media?parent=236457"}],"wp:term":[{"taxonomy":"category","embeddable":true,"href":"https:\/\/www.ecuadortimes.net\/es\/wp-json\/wp\/v2\/categories?post=236457"},{"taxonomy":"post_tag","embeddable":true,"href":"https:\/\/www.ecuadortimes.net\/es\/wp-json\/wp\/v2\/tags?post=236457"}],"curies":[{"name":"wp","href":"https:\/\/api.w.org\/{rel}","templated":true}]}}