{"id":236466,"date":"2015-11-25T00:00:00","date_gmt":"2015-11-25T00:00:00","guid":{"rendered":"https:\/\/www.ecuadortimes.net\/es\/sobreoferta-reduce-el-precio-del-banano-en-el-mundo\/"},"modified":"2015-11-25T00:00:00","modified_gmt":"2015-11-25T00:00:00","slug":"sobreoferta-reduce-el-precio-del-banano-en-el-mundo","status":"publish","type":"post","link":"https:\/\/www.ecuadortimes.net\/es\/sobreoferta-reduce-el-precio-del-banano-en-el-mundo\/","title":{"rendered":"Sobreoferta reduce el precio del banano en el mundo"},"content":{"rendered":"<p><a href=\"http:\/\/www.ecuadortimes.net\/es\/wp-content\/uploads\/2015\/11\/banano24ago11_1.jpg\"><img loading=\"lazy\" class=\"size-medium wp-image-170566 alignright\" src=\"https:\/\/www.ecuadortimes.net\/es\/wp-content\/uploads\/2015\/11\/banano24ago11_1-300x180.jpg\" alt=\"banano24ago11_1\" width=\"300\" height=\"180\" \/><\/a>La mayor producci\u00f3n de guineo en Centroam\u00e9rica sigue echando abajo los precios. Diario Expreso confirm\u00f3 con exportadores que el valor que se paga por la caja a los productores spots es de hasta 3,50 d\u00f3lares.<\/p>\n<p>&nbsp;<\/p>\n<p>La tendencia que muestran las firmas especializadas es una reducci\u00f3n en el Mediterr\u00e1neo y Rusia, que son mercados fuertes de Ecuador, el primer exportador mundial. La semana pasado la crisis de precio toc\u00f3 a Europa del Este y Turqu\u00eda.<\/p>\n<p>&nbsp;<\/p>\n<p>Las autoridades ecuatorianas est\u00e1n por definir el nuevo precio de la caja de 43 libras de la fruta, que hasta ahora se halla en 6,55 d\u00f3lares. Seg\u00fan el portal especializado Freshplaza, las multinacionales optan cada vez m\u00e1s por el banano de Guatemala, Nicaragua y M\u00e9xico.<\/p>\n<p>&nbsp;<\/p>\n<p>Las estad\u00edsticas de la Asociaci\u00f3n de Exportadores de Banano (AEBE) muestran una desaceleraci\u00f3n de las ventas al exterior. Entre enero y septiembre de 2015 subieron 8,04 %, a 239&#8217;846.711 de cartones. En 2014 en ese lapso hab\u00edan aumentado 17 % (32,7 millones de cajas). (I)<\/p>\n<p>&nbsp;<\/p>\n<p>Fuente: <a href=\"http:\/\/expreso.ec\/expreso\/plantillas\/nota.aspx?idart=8693480&amp;idcat=38229&amp;tipo=2\">http:\/\/expreso.ec\/expreso\/plantillas\/nota.aspx?idart=8693480&amp;idcat=38229&amp;tipo=2<\/a><\/p>\n<p>&nbsp;<\/p>\n","protected":false},"excerpt":{"rendered":"<p>La mayor producci\u00f3n de guineo en Centroam\u00e9rica sigue echando abajo los precios. Diario Expreso confirm\u00f3 con exportadores que el valor que se paga por la caja a los productores spots es de hasta 3,50 d\u00f3lares. &nbsp; La tendencia que muestran las firmas especializadas es una reducci\u00f3n en el Mediterr\u00e1neo y Rusia, que son mercados fuertes de Ecuador, el primer exportador mundial. La semana pasado la crisis de precio toc\u00f3 a Europa del Este y Turqu\u00eda. &nbsp; Las autoridades ecuatorianas est\u00e1n por definir el nuevo precio de la caja de 43 libras de la fruta, que hasta ahora se halla en 6,55 d\u00f3lares. Seg\u00fan el portal especializado Freshplaza, las multinacionales optan cada vez m\u00e1s por el banano de Guatemala, Nicaragua y M\u00e9xico. &nbsp; Las estad\u00edsticas de la Asociaci\u00f3n de Exportadores de Banano (AEBE) muestran una desaceleraci\u00f3n de las ventas al exterior. Entre enero y septiembre de 2015 subieron 8,04 %, a 239&#8217;846.711 de cartones. En 2014 en ese lapso hab\u00edan aumentado 17 % (32,7 millones de cajas). (I) &nbsp; Fuente: http:\/\/expreso.ec\/expreso\/plantillas\/nota.aspx?idart=8693480&amp;idcat=38229&amp;tipo=2 &nbsp;<\/p>\n","protected":false},"author":1,"featured_media":236467,"comment_status":"open","ping_status":"open","sticky":false,"template":"","format":"standard","meta":[],"categories":[43],"tags":[],"_links":{"self":[{"href":"https:\/\/www.ecuadortimes.net\/es\/wp-json\/wp\/v2\/posts\/236466"}],"collection":[{"href":"https:\/\/www.ecuadortimes.net\/es\/wp-json\/wp\/v2\/posts"}],"about":[{"href":"https:\/\/www.ecuadortimes.net\/es\/wp-json\/wp\/v2\/types\/post"}],"author":[{"embeddable":true,"href":"https:\/\/www.ecuadortimes.net\/es\/wp-json\/wp\/v2\/users\/1"}],"replies":[{"embeddable":true,"href":"https:\/\/www.ecuadortimes.net\/es\/wp-json\/wp\/v2\/comments?post=236466"}],"version-history":[{"count":0,"href":"https:\/\/www.ecuadortimes.net\/es\/wp-json\/wp\/v2\/posts\/236466\/revisions"}],"wp:featuredmedia":[{"embeddable":true,"href":"https:\/\/www.ecuadortimes.net\/es\/wp-json\/wp\/v2\/media\/236467"}],"wp:attachment":[{"href":"https:\/\/www.ecuadortimes.net\/es\/wp-json\/wp\/v2\/media?parent=236466"}],"wp:term":[{"taxonomy":"category","embeddable":true,"href":"https:\/\/www.ecuadortimes.net\/es\/wp-json\/wp\/v2\/categories?post=236466"},{"taxonomy":"post_tag","embeddable":true,"href":"https:\/\/www.ecuadortimes.net\/es\/wp-json\/wp\/v2\/tags?post=236466"}],"curies":[{"name":"wp","href":"https:\/\/api.w.org\/{rel}","templated":true}]}}