{"id":236489,"date":"2015-11-27T00:00:00","date_gmt":"2015-11-27T00:00:00","guid":{"rendered":"https:\/\/www.ecuadortimes.net\/es\/policias-seran-dados-de-baja\/"},"modified":"2015-11-27T00:00:00","modified_gmt":"2015-11-27T00:00:00","slug":"policias-seran-dados-de-baja","status":"publish","type":"post","link":"https:\/\/www.ecuadortimes.net\/es\/policias-seran-dados-de-baja\/","title":{"rendered":"Polic\u00edas ser\u00e1n dados de baja"},"content":{"rendered":"<p>&nbsp;<\/p>\n<div id=\"attachment_170631\" style=\"width: 310px\" class=\"wp-caption aligncenter\"><a href=\"http:\/\/www.ecuadortimes.net\/es\/wp-content\/uploads\/2015\/11\/policiadetenidosaa3wav-ecuadortimes-ecuadornews.jpg\"><img aria-describedby=\"caption-attachment-170631\" loading=\"lazy\" class=\"size-medium wp-image-170631\" src=\"https:\/\/www.ecuadortimes.net\/es\/wp-content\/uploads\/2015\/11\/policiadetenidosaa3wav-ecuadortimes-ecuadornews-300x169.jpg\" alt=\"Imagen: El Universo\" width=\"300\" height=\"169\" \/><\/a><p id=\"caption-attachment-170631\" class=\"wp-caption-text\">Imagen: El Universo<\/p><\/div>\n<p>Entre los doce detenidos por delitos de contrabando y asociaci\u00f3n il\u00edcita nueve sean polic\u00edas, el ministro del Interior, Jos\u00e9 Serrano, lament\u00f3 este hecho.<\/p>\n<p>Nosotros hemos dicho que si queremos que nuestra democracia est\u00e9 debidamente consolidada y fortalecida, es la Polic\u00eda Nacional la que debe estar en primer lugar de ese fortalecimiento y de esa institucionalizaci\u00f3n. Los miembros que han sido aprehendidos por el presunto delito de contrabando ser\u00e1n desvinculados inmediatamente de la Polic\u00eda\u009d, dijo Serrano.<\/p>\n<p>&nbsp;<\/p>\n<p>Agreg\u00f3 que adem\u00e1s del teniente coronel, sargentos y cabos estar\u00edan involucrados con banda dedicada al contrabando en la frontera con Per\u00fa, por el lado de la provincia del El Oro.<\/p>\n<p>&nbsp;<\/p>\n<p>El operativo fue llamado Eslab\u00f3n 78. Cifras del Ministerio del Interior revelan que 35 uniformados han sido arrestados dentro de este tipo de acciones policiales, realizadas desde el 2014 a nivel nacional. (I)<\/p>\n<p>Fuente: <a href=\"http:\/\/www.eluniverso.com\/noticias\/2015\/11\/27\/nota\/5263503\/uniformados-seran-dados-baja\">http:\/\/www.eluniverso.com\/noticias\/2015\/11\/27\/nota\/5263503\/uniformados-seran-dados-baja<\/a><\/p>\n<p>&nbsp;<\/p>\n","protected":false},"excerpt":{"rendered":"<p>&nbsp; Entre los doce detenidos por delitos de contrabando y asociaci\u00f3n il\u00edcita nueve sean polic\u00edas, el ministro del Interior, Jos\u00e9 Serrano, lament\u00f3 este hecho. Nosotros hemos dicho que si queremos que nuestra democracia est\u00e9 debidamente consolidada y fortalecida, es la Polic\u00eda Nacional la que debe estar en primer lugar de ese fortalecimiento y de esa institucionalizaci\u00f3n. Los miembros que han sido aprehendidos por el presunto delito de contrabando ser\u00e1n desvinculados inmediatamente de la Polic\u00eda\u009d, dijo Serrano. &nbsp; Agreg\u00f3 que adem\u00e1s del teniente coronel, sargentos y cabos estar\u00edan involucrados con banda dedicada al contrabando en la frontera con Per\u00fa, por el lado de la provincia del El Oro. &nbsp; El operativo fue llamado Eslab\u00f3n 78. Cifras del Ministerio del Interior revelan que 35 uniformados han sido arrestados dentro de este tipo de acciones policiales, realizadas desde el 2014 a nivel nacional. (I) Fuente: http:\/\/www.eluniverso.com\/noticias\/2015\/11\/27\/nota\/5263503\/uniformados-seran-dados-baja &nbsp;<\/p>\n","protected":false},"author":1,"featured_media":236490,"comment_status":"open","ping_status":"open","sticky":false,"template":"","format":"standard","meta":[],"categories":[35],"tags":[],"_links":{"self":[{"href":"https:\/\/www.ecuadortimes.net\/es\/wp-json\/wp\/v2\/posts\/236489"}],"collection":[{"href":"https:\/\/www.ecuadortimes.net\/es\/wp-json\/wp\/v2\/posts"}],"about":[{"href":"https:\/\/www.ecuadortimes.net\/es\/wp-json\/wp\/v2\/types\/post"}],"author":[{"embeddable":true,"href":"https:\/\/www.ecuadortimes.net\/es\/wp-json\/wp\/v2\/users\/1"}],"replies":[{"embeddable":true,"href":"https:\/\/www.ecuadortimes.net\/es\/wp-json\/wp\/v2\/comments?post=236489"}],"version-history":[{"count":0,"href":"https:\/\/www.ecuadortimes.net\/es\/wp-json\/wp\/v2\/posts\/236489\/revisions"}],"wp:featuredmedia":[{"embeddable":true,"href":"https:\/\/www.ecuadortimes.net\/es\/wp-json\/wp\/v2\/media\/236490"}],"wp:attachment":[{"href":"https:\/\/www.ecuadortimes.net\/es\/wp-json\/wp\/v2\/media?parent=236489"}],"wp:term":[{"taxonomy":"category","embeddable":true,"href":"https:\/\/www.ecuadortimes.net\/es\/wp-json\/wp\/v2\/categories?post=236489"},{"taxonomy":"post_tag","embeddable":true,"href":"https:\/\/www.ecuadortimes.net\/es\/wp-json\/wp\/v2\/tags?post=236489"}],"curies":[{"name":"wp","href":"https:\/\/api.w.org\/{rel}","templated":true}]}}