{"id":236499,"date":"2015-11-27T00:00:00","date_gmt":"2015-11-27T00:00:00","guid":{"rendered":"https:\/\/www.ecuadortimes.net\/es\/europa-apoya-el-acuerdo-con-ecuador-pero-pide-una-salvaguardia-al-banano\/"},"modified":"2015-11-27T00:00:00","modified_gmt":"2015-11-27T00:00:00","slug":"europa-apoya-el-acuerdo-con-ecuador-pero-pide-una-salvaguardia-al-banano","status":"publish","type":"post","link":"https:\/\/www.ecuadortimes.net\/es\/europa-apoya-el-acuerdo-con-ecuador-pero-pide-una-salvaguardia-al-banano\/","title":{"rendered":"Europa apoya el acuerdo con Ecuador, pero pide una salvaguardia al banano"},"content":{"rendered":"<div id=\"attachment_170650\" style=\"width: 310px\" class=\"wp-caption alignright\"><a href=\"http:\/\/www.ecuadortimes.net\/es\/wp-content\/uploads\/2015\/11\/Captura-de-pantalla-2015-11-27-a-las-2.54.23-p.m..png\"><img aria-describedby=\"caption-attachment-170650\" loading=\"lazy\" class=\"size-medium wp-image-170650\" src=\"https:\/\/www.ecuadortimes.net\/es\/wp-content\/uploads\/2015\/11\/Captura-de-pantalla-2015-11-27-a-las-2.54.23-p.m.-300x225.png\" alt=\"Image: Expreso\" width=\"300\" height=\"225\" \/><\/a><p id=\"caption-attachment-170650\" class=\"wp-caption-text\">Image: Expreso<\/p><\/div>\n<p>El Parlamento Europeo (PE) apoy\u00f3 ayer la adhesi\u00f3n de Ecuador al acuerdo de comercio entre la Uni\u00f3n Europea (UE) y Colombia y Per\u00fa, aunque remarc\u00f3 que las importaciones de banano no deben perjudicar a los productores europeos y pidi\u00f3 una protecci\u00f3n espec\u00edfica para el sector.<\/p>\n<p>&nbsp;<\/p>\n<p>La Comisi\u00f3n de Comercio Internacional del Parlamento Europeo mantendr\u00e1 una primera discusi\u00f3n sobre la cl\u00e1usula de salvaguardia para regular la importaci\u00f3n de bananas el lunes 30 de noviembre, un asunto en el que la c\u00e1mara comparte el poder de decisi\u00f3n con el Consejo.<\/p>\n<p>&nbsp;<\/p>\n<p>Esa medida supone la reintroducci\u00f3n de aranceles en caso de un aumento desproporcionado de las importaciones de banano ecuatoriano en la UE, que podr\u00eda perjudicar a los productores europeos, tanto en t\u00e9rminos econ\u00f3micos como de empleo.<\/p>\n<p>&nbsp;<\/p>\n<p>El Gobierno ecuatoriano y los exportadores vieron con buenos ojos el gesto del Parlamento Europeo al confirmar su apoyo al acuerdo comercial mediante una resoluci\u00f3n no legislativa que recibi\u00f3 499 votos a favor, 61 en contra y 86 abstenciones en el PE. (I)<\/p>\n<p>Fuente: <a href=\"http:\/\/expreso.ec\/expreso\/plantillas\/nota.aspx?idart=8699035&amp;idcat=38269&amp;tipo=2\">http:\/\/expreso.ec\/expreso\/plantillas\/nota.aspx?idart=8699035&amp;idcat=38269&amp;tipo=2<\/a><\/p>\n","protected":false},"excerpt":{"rendered":"<p>El Parlamento Europeo (PE) apoy\u00f3 ayer la adhesi\u00f3n de Ecuador al acuerdo de comercio entre la Uni\u00f3n Europea (UE) y Colombia y Per\u00fa, aunque remarc\u00f3 que las importaciones de banano no deben perjudicar a los productores europeos y pidi\u00f3 una protecci\u00f3n espec\u00edfica para el sector. &nbsp; La Comisi\u00f3n de Comercio Internacional del Parlamento Europeo mantendr\u00e1 una primera discusi\u00f3n sobre la cl\u00e1usula de salvaguardia para regular la importaci\u00f3n de bananas el lunes 30 de noviembre, un asunto en el que la c\u00e1mara comparte el poder de decisi\u00f3n con el Consejo. &nbsp; Esa medida supone la reintroducci\u00f3n de aranceles en caso de un aumento desproporcionado de las importaciones de banano ecuatoriano en la UE, que podr\u00eda perjudicar a los productores europeos, tanto en t\u00e9rminos econ\u00f3micos como de empleo. &nbsp; El Gobierno ecuatoriano y los exportadores vieron con buenos ojos el gesto del Parlamento Europeo al confirmar su apoyo al acuerdo comercial mediante una resoluci\u00f3n no legislativa que recibi\u00f3 499 votos a favor, 61 en contra y 86 abstenciones en el PE. (I) Fuente: http:\/\/expreso.ec\/expreso\/plantillas\/nota.aspx?idart=8699035&amp;idcat=38269&amp;tipo=2<\/p>\n","protected":false},"author":1,"featured_media":0,"comment_status":"open","ping_status":"open","sticky":false,"template":"","format":"standard","meta":[],"categories":[54,40],"tags":[],"_links":{"self":[{"href":"https:\/\/www.ecuadortimes.net\/es\/wp-json\/wp\/v2\/posts\/236499"}],"collection":[{"href":"https:\/\/www.ecuadortimes.net\/es\/wp-json\/wp\/v2\/posts"}],"about":[{"href":"https:\/\/www.ecuadortimes.net\/es\/wp-json\/wp\/v2\/types\/post"}],"author":[{"embeddable":true,"href":"https:\/\/www.ecuadortimes.net\/es\/wp-json\/wp\/v2\/users\/1"}],"replies":[{"embeddable":true,"href":"https:\/\/www.ecuadortimes.net\/es\/wp-json\/wp\/v2\/comments?post=236499"}],"version-history":[{"count":0,"href":"https:\/\/www.ecuadortimes.net\/es\/wp-json\/wp\/v2\/posts\/236499\/revisions"}],"wp:attachment":[{"href":"https:\/\/www.ecuadortimes.net\/es\/wp-json\/wp\/v2\/media?parent=236499"}],"wp:term":[{"taxonomy":"category","embeddable":true,"href":"https:\/\/www.ecuadortimes.net\/es\/wp-json\/wp\/v2\/categories?post=236499"},{"taxonomy":"post_tag","embeddable":true,"href":"https:\/\/www.ecuadortimes.net\/es\/wp-json\/wp\/v2\/tags?post=236499"}],"curies":[{"name":"wp","href":"https:\/\/api.w.org\/{rel}","templated":true}]}}