{"id":236500,"date":"2015-11-27T00:00:00","date_gmt":"2015-11-27T00:00:00","guid":{"rendered":"https:\/\/www.ecuadortimes.net\/es\/la-via-para-mercadear-al-pais\/"},"modified":"2015-11-27T00:00:00","modified_gmt":"2015-11-27T00:00:00","slug":"la-via-para-mercadear-al-pais","status":"publish","type":"post","link":"https:\/\/www.ecuadortimes.net\/es\/la-via-para-mercadear-al-pais\/","title":{"rendered":"La v\u00eda para &#8216;mercadear&#8217; al pa\u00eds"},"content":{"rendered":"<p>El Gobierno y los empresarios volvieron a reunirse para conocer la nueva visi\u00f3n del modelo de producci\u00f3n y atracci\u00f3n de inversiones que tendr\u00e1 el pa\u00eds. Tras casi tres horas de encuentro, el optimismo de las partes fue evidente.<\/p>\n<p>&nbsp;<\/p>\n<p>El flamante ministro Coordinador de la Producci\u00f3n, Vinicio Alvarado, organiz\u00f3 la cita. Junto a todos los ministros del sector, y el vicepresidente Jorge Glas, mostr\u00f3 cifras, metas, acciones y hasta un v\u00eddeo promocional que se difundir\u00e1 en las pr\u00f3ximas semanas. As\u00ed como su campa\u00f1a &#8216;All You Need is Ecuador&#8217;. Alvarado espera que la Rep\u00fablica de Oportunidades se exhiba en varios pa\u00edses.<\/p>\n<p>&nbsp;<\/p>\n<p>Para \u00e9l, hay que &#8220;mercadear mejor al Ecuador&#8221;. Es decir, parte de la estrategia del exsecretario de la Administraci\u00f3n P\u00fablica es mostrar al pa\u00eds como una tierra de oportunidades para el capital privado.<\/p>\n<p>&nbsp;<\/p>\n<p>\u00bfC\u00f3mo aterrizar esa propuesta? La primera se\u00f1al concreta es la creaci\u00f3n de un \u00e1rea en el Ministerio Coordinador para la atracci\u00f3n y atenci\u00f3n al inversionista. Seg\u00fan Germ\u00e1n Zambrano, encargado del departamento, el Gobierno estar\u00e1 al servicio del empresario y ayudar\u00e1 a gestionar tr\u00e1mites con otras entidades. Tambi\u00e9n gestionar\u00e1 los contratos de inversi\u00f3n y apoyar\u00e1 en la obtenci\u00f3n de cr\u00e9ditos con organismos multilaterales. (I)<\/p>\n<p>Fuente: <a href=\"http:\/\/expreso.ec\/expreso\/plantillas\/nota.aspx?idart=8699029&amp;idcat=38269&amp;tipo=2\">http:\/\/expreso.ec\/expreso\/plantillas\/nota.aspx?idart=8699029&amp;idcat=38269&amp;tipo=2<\/a><\/p>\n","protected":false},"excerpt":{"rendered":"<p>El Gobierno y los empresarios volvieron a reunirse para conocer la nueva visi\u00f3n del modelo de producci\u00f3n y atracci\u00f3n de inversiones que tendr\u00e1 el pa\u00eds. Tras casi tres horas de encuentro, el optimismo de las partes fue evidente. &nbsp; El flamante ministro Coordinador de la Producci\u00f3n, Vinicio Alvarado, organiz\u00f3 la cita. Junto a todos los ministros del sector, y el vicepresidente Jorge Glas, mostr\u00f3 cifras, metas, acciones y hasta un v\u00eddeo promocional que se difundir\u00e1 en las pr\u00f3ximas semanas. As\u00ed como su campa\u00f1a &#8216;All You Need is Ecuador&#8217;. Alvarado espera que la Rep\u00fablica de Oportunidades se exhiba en varios pa\u00edses. &nbsp; Para \u00e9l, hay que &#8220;mercadear mejor al Ecuador&#8221;. Es decir, parte de la estrategia del exsecretario de la Administraci\u00f3n P\u00fablica es mostrar al pa\u00eds como una tierra de oportunidades para el capital privado. &nbsp; \u00bfC\u00f3mo aterrizar esa propuesta? La primera se\u00f1al concreta es la creaci\u00f3n de un \u00e1rea en el Ministerio Coordinador para la atracci\u00f3n y atenci\u00f3n al inversionista. Seg\u00fan Germ\u00e1n Zambrano, encargado del departamento, el Gobierno estar\u00e1 al servicio del empresario y ayudar\u00e1 a gestionar tr\u00e1mites con otras entidades. Tambi\u00e9n gestionar\u00e1 los contratos de inversi\u00f3n y apoyar\u00e1 en la obtenci\u00f3n de cr\u00e9ditos con organismos multilaterales. (I) Fuente: http:\/\/expreso.ec\/expreso\/plantillas\/nota.aspx?idart=8699029&amp;idcat=38269&amp;tipo=2<\/p>\n","protected":false},"author":1,"featured_media":0,"comment_status":"open","ping_status":"open","sticky":false,"template":"","format":"standard","meta":[],"categories":[43],"tags":[],"_links":{"self":[{"href":"https:\/\/www.ecuadortimes.net\/es\/wp-json\/wp\/v2\/posts\/236500"}],"collection":[{"href":"https:\/\/www.ecuadortimes.net\/es\/wp-json\/wp\/v2\/posts"}],"about":[{"href":"https:\/\/www.ecuadortimes.net\/es\/wp-json\/wp\/v2\/types\/post"}],"author":[{"embeddable":true,"href":"https:\/\/www.ecuadortimes.net\/es\/wp-json\/wp\/v2\/users\/1"}],"replies":[{"embeddable":true,"href":"https:\/\/www.ecuadortimes.net\/es\/wp-json\/wp\/v2\/comments?post=236500"}],"version-history":[{"count":0,"href":"https:\/\/www.ecuadortimes.net\/es\/wp-json\/wp\/v2\/posts\/236500\/revisions"}],"wp:attachment":[{"href":"https:\/\/www.ecuadortimes.net\/es\/wp-json\/wp\/v2\/media?parent=236500"}],"wp:term":[{"taxonomy":"category","embeddable":true,"href":"https:\/\/www.ecuadortimes.net\/es\/wp-json\/wp\/v2\/categories?post=236500"},{"taxonomy":"post_tag","embeddable":true,"href":"https:\/\/www.ecuadortimes.net\/es\/wp-json\/wp\/v2\/tags?post=236500"}],"curies":[{"name":"wp","href":"https:\/\/api.w.org\/{rel}","templated":true}]}}