{"id":236502,"date":"2015-11-30T00:00:00","date_gmt":"2015-11-30T00:00:00","guid":{"rendered":"https:\/\/www.ecuadortimes.net\/es\/se-detuvo-a-supuesto-lider-de-farc-en-ecuador\/"},"modified":"2015-11-30T00:00:00","modified_gmt":"2015-11-30T00:00:00","slug":"se-detuvo-a-supuesto-lider-de-farc-en-ecuador","status":"publish","type":"post","link":"https:\/\/www.ecuadortimes.net\/es\/se-detuvo-a-supuesto-lider-de-farc-en-ecuador\/","title":{"rendered":"Se detuvo a supuesto l\u00edder de FARC en Ecuador"},"content":{"rendered":"<div id=\"attachment_170659\" style=\"width: 310px\" class=\"wp-caption aligncenter\"><a href=\"http:\/\/www.ecuadortimes.net\/es\/wp-content\/uploads\/2015\/11\/FARC-ECUADORTIMES-ECUADORNEWS.jpg\"><img aria-describedby=\"caption-attachment-170659\" loading=\"lazy\" class=\"size-medium wp-image-170659\" src=\"https:\/\/www.ecuadortimes.net\/es\/wp-content\/uploads\/2015\/11\/FARC-ECUADORTIMES-ECUADORNEWS-300x200.jpg\" alt=\"Imagen: El Universo\" width=\"300\" height=\"200\" \/><\/a><p id=\"caption-attachment-170659\" class=\"wp-caption-text\">Imagen: El Universo<\/p><\/div>\n<p>El presunto homicida de un l\u00edder comunitario afro de Colombia fue detenido ayer por la Polic\u00eda ecuatoriana, seg\u00fan la Fiscal\u00eda colombiana.<\/p>\n<p>&nbsp;<\/p>\n<p>Por el homicidio de Genaro Garc\u00eda, l\u00edder comunitario de Tumaco, acaba de ser capturado en Ecuador, alias el Gordo Juan Carlos\u009d, dio a conocer la entidad colombiana en un comunicado.<\/p>\n<p>&nbsp;<\/p>\n<p>La captura del colombiano Juan Carlos C. se realiz\u00f3 en un hotel de Guayaquil. Este ser\u00eda cabecilla de la guerrilla Fuerzas Armadas Revolucionarias de Colombia (FARC, comunistas), seg\u00fan la misma fuente.<\/p>\n<p>&nbsp;<\/p>\n<p>Un juzgado de Tumaco, municipio del departamento de Nari\u00f1o, dict\u00f3 una orden de captura en contra del aprehendido el pasado 3 de agosto por la muerte del l\u00edder de comunidades negras desplazadas por la violencia, Genaro Garc\u00eda, tras haber sido asesinado a tiros.<\/p>\n<p>&nbsp;<\/p>\n<p>Las FARC, en negociaciones de paz con el Gobierno colombiano desde noviembre de 2012, reconocieron el pasado 24 de agosto desde La Habana, sede de esos di\u00e1logos, que miembros de su columna m\u00f3vil Daniel Aldana hab\u00edan asesinado a Garc\u00eda.<\/p>\n<p>&nbsp;<\/p>\n<p>En septiembre, dos miembros de las FARC fueron capturados por el mismo caso.<\/p>\n<p>&nbsp;<\/p>\n<p>El departamento de Nari\u00f1o, donde muri\u00f3 Garc\u00eda, es fronterizo con nuestro pa\u00eds y las autoridades colombianas lo consideran zona roja debido al accionar de grupos rebeldes y bandas criminales dedicadas al tr\u00e1fico de droga y la miner\u00eda ilegal.<\/p>\n<p>&nbsp;<\/p>\n<p>Estaba previsto que el detenido fuera repatriado ayer a su pa\u00eds. Hasta el cierre de esta edici\u00f3n, en Ecuador no hubo pronunciamientos oficiales.(I)<\/p>\n<p>&nbsp;<\/p>\n<p>Fuente: <a href=\"http:\/\/www.eluniverso.com\/noticias\/2015\/11\/30\/nota\/5271405\/supuesto-lider-farc-fue-detenido-ecuador\">http:\/\/www.eluniverso.com\/noticias\/2015\/11\/30\/nota\/5271405\/supuesto-lider-farc-fue-detenido-ecuador<\/a><\/p>\n","protected":false},"excerpt":{"rendered":"<p>El presunto homicida de un l\u00edder comunitario afro de Colombia fue detenido ayer por la Polic\u00eda ecuatoriana, seg\u00fan la Fiscal\u00eda colombiana. &nbsp; Por el homicidio de Genaro Garc\u00eda, l\u00edder comunitario de Tumaco, acaba de ser capturado en Ecuador, alias el Gordo Juan Carlos\u009d, dio a conocer la entidad colombiana en un comunicado. &nbsp; La captura del colombiano Juan Carlos C. se realiz\u00f3 en un hotel de Guayaquil. Este ser\u00eda cabecilla de la guerrilla Fuerzas Armadas Revolucionarias de Colombia (FARC, comunistas), seg\u00fan la misma fuente. &nbsp; Un juzgado de Tumaco, municipio del departamento de Nari\u00f1o, dict\u00f3 una orden de captura en contra del aprehendido el pasado 3 de agosto por la muerte del l\u00edder de comunidades negras desplazadas por la violencia, Genaro Garc\u00eda, tras haber sido asesinado a tiros. &nbsp; Las FARC, en negociaciones de paz con el Gobierno colombiano desde noviembre de 2012, reconocieron el pasado 24 de agosto desde La Habana, sede de esos di\u00e1logos, que miembros de su columna m\u00f3vil Daniel Aldana hab\u00edan asesinado a Garc\u00eda. &nbsp; En septiembre, dos miembros de las FARC fueron capturados por el mismo caso. &nbsp; El departamento de Nari\u00f1o, donde muri\u00f3 Garc\u00eda, es fronterizo con nuestro pa\u00eds y las autoridades colombianas lo consideran zona roja debido al accionar de grupos rebeldes y bandas criminales dedicadas al tr\u00e1fico de droga y la miner\u00eda ilegal. &nbsp; Estaba previsto que el detenido fuera repatriado ayer a su pa\u00eds. Hasta el cierre de esta edici\u00f3n, en Ecuador no hubo pronunciamientos oficiales.(I) &nbsp; Fuente: http:\/\/www.eluniverso.com\/noticias\/2015\/11\/30\/nota\/5271405\/supuesto-lider-farc-fue-detenido-ecuador<\/p>\n","protected":false},"author":1,"featured_media":236503,"comment_status":"open","ping_status":"open","sticky":false,"template":"","format":"standard","meta":[],"categories":[54,40],"tags":[],"_links":{"self":[{"href":"https:\/\/www.ecuadortimes.net\/es\/wp-json\/wp\/v2\/posts\/236502"}],"collection":[{"href":"https:\/\/www.ecuadortimes.net\/es\/wp-json\/wp\/v2\/posts"}],"about":[{"href":"https:\/\/www.ecuadortimes.net\/es\/wp-json\/wp\/v2\/types\/post"}],"author":[{"embeddable":true,"href":"https:\/\/www.ecuadortimes.net\/es\/wp-json\/wp\/v2\/users\/1"}],"replies":[{"embeddable":true,"href":"https:\/\/www.ecuadortimes.net\/es\/wp-json\/wp\/v2\/comments?post=236502"}],"version-history":[{"count":0,"href":"https:\/\/www.ecuadortimes.net\/es\/wp-json\/wp\/v2\/posts\/236502\/revisions"}],"wp:featuredmedia":[{"embeddable":true,"href":"https:\/\/www.ecuadortimes.net\/es\/wp-json\/wp\/v2\/media\/236503"}],"wp:attachment":[{"href":"https:\/\/www.ecuadortimes.net\/es\/wp-json\/wp\/v2\/media?parent=236502"}],"wp:term":[{"taxonomy":"category","embeddable":true,"href":"https:\/\/www.ecuadortimes.net\/es\/wp-json\/wp\/v2\/categories?post=236502"},{"taxonomy":"post_tag","embeddable":true,"href":"https:\/\/www.ecuadortimes.net\/es\/wp-json\/wp\/v2\/tags?post=236502"}],"curies":[{"name":"wp","href":"https:\/\/api.w.org\/{rel}","templated":true}]}}