{"id":236524,"date":"2015-12-01T00:00:00","date_gmt":"2015-12-01T00:00:00","guid":{"rendered":"https:\/\/www.ecuadortimes.net\/es\/barril-de-crudo-bajo-106-en-noviembre\/"},"modified":"2015-12-01T00:00:00","modified_gmt":"2015-12-01T00:00:00","slug":"barril-de-crudo-bajo-106-en-noviembre","status":"publish","type":"post","link":"https:\/\/www.ecuadortimes.net\/es\/barril-de-crudo-bajo-106-en-noviembre\/","title":{"rendered":"Barril de crudo baj\u00f3 10,6 % en noviembre"},"content":{"rendered":"<p>&nbsp;<\/p>\n<p><a href=\"http:\/\/www.ecuadortimes.net\/es\/wp-content\/uploads\/2015\/12\/baja-del-precio-del-petroleo.jpg\"><img loading=\"lazy\" class=\"size-medium wp-image-170717 aligncenter\" src=\"https:\/\/www.ecuadortimes.net\/es\/wp-content\/uploads\/2015\/12\/baja-del-precio-del-petroleo-300x200.jpg\" alt=\"baja-del-precio-del-petroleo\" width=\"300\" height=\"200\" \/><\/a><\/p>\n<p>El precio del petr\u00f3leo intermedio de Texas cay\u00f3 de nuevo. Ayer estuvo un 0,14 % menos que el viernes pasado, cerr\u00f3 en 41,65 d\u00f3lares el barril, con un descenso acumulado del 10,6 % en el mes de noviembre.<\/p>\n<p>&nbsp;<\/p>\n<p>La reducci\u00f3n se produjo en v\u00edsperas de la reuni\u00f3n semestral que celebrar\u00e1 el viernes, en Viena, la Organizaci\u00f3n de Pa\u00edses Exportadores de Petr\u00f3leo (OPEP).<\/p>\n<p>&nbsp;<\/p>\n<p>En esa reuni\u00f3n se espera que los ministros del cartel energ\u00e9tico revisen la posibilidad de un recorte en las cuotas de producci\u00f3n para compensar la ca\u00edda en los precios internacionales que viene registr\u00e1ndose desde hace m\u00e1s de un a\u00f1o. Los analistas del mercado anticipaban ayer que no habr\u00e1 una decisi\u00f3n en ese sentido, por lo que se seguir\u00e1 con el exceso de oferta. (I)<\/p>\n<p>&nbsp;<\/p>\n<p>Fuente: <a href=\"http:\/\/expreso.ec\/expreso\/plantillas\/nota.aspx?idart=8708794&amp;idcat=38229&amp;tipo=2\">http:\/\/expreso.ec\/expreso\/plantillas\/nota.aspx?idart=8708794&amp;idcat=38229&amp;tipo=2<\/a><\/p>\n","protected":false},"excerpt":{"rendered":"<p>&nbsp; El precio del petr\u00f3leo intermedio de Texas cay\u00f3 de nuevo. Ayer estuvo un 0,14 % menos que el viernes pasado, cerr\u00f3 en 41,65 d\u00f3lares el barril, con un descenso acumulado del 10,6 % en el mes de noviembre. &nbsp; La reducci\u00f3n se produjo en v\u00edsperas de la reuni\u00f3n semestral que celebrar\u00e1 el viernes, en Viena, la Organizaci\u00f3n de Pa\u00edses Exportadores de Petr\u00f3leo (OPEP). &nbsp; En esa reuni\u00f3n se espera que los ministros del cartel energ\u00e9tico revisen la posibilidad de un recorte en las cuotas de producci\u00f3n para compensar la ca\u00edda en los precios internacionales que viene registr\u00e1ndose desde hace m\u00e1s de un a\u00f1o. Los analistas del mercado anticipaban ayer que no habr\u00e1 una decisi\u00f3n en ese sentido, por lo que se seguir\u00e1 con el exceso de oferta. (I) &nbsp; Fuente: http:\/\/expreso.ec\/expreso\/plantillas\/nota.aspx?idart=8708794&amp;idcat=38229&amp;tipo=2<\/p>\n","protected":false},"author":1,"featured_media":236525,"comment_status":"open","ping_status":"open","sticky":false,"template":"","format":"standard","meta":[],"categories":[33],"tags":[],"_links":{"self":[{"href":"https:\/\/www.ecuadortimes.net\/es\/wp-json\/wp\/v2\/posts\/236524"}],"collection":[{"href":"https:\/\/www.ecuadortimes.net\/es\/wp-json\/wp\/v2\/posts"}],"about":[{"href":"https:\/\/www.ecuadortimes.net\/es\/wp-json\/wp\/v2\/types\/post"}],"author":[{"embeddable":true,"href":"https:\/\/www.ecuadortimes.net\/es\/wp-json\/wp\/v2\/users\/1"}],"replies":[{"embeddable":true,"href":"https:\/\/www.ecuadortimes.net\/es\/wp-json\/wp\/v2\/comments?post=236524"}],"version-history":[{"count":0,"href":"https:\/\/www.ecuadortimes.net\/es\/wp-json\/wp\/v2\/posts\/236524\/revisions"}],"wp:featuredmedia":[{"embeddable":true,"href":"https:\/\/www.ecuadortimes.net\/es\/wp-json\/wp\/v2\/media\/236525"}],"wp:attachment":[{"href":"https:\/\/www.ecuadortimes.net\/es\/wp-json\/wp\/v2\/media?parent=236524"}],"wp:term":[{"taxonomy":"category","embeddable":true,"href":"https:\/\/www.ecuadortimes.net\/es\/wp-json\/wp\/v2\/categories?post=236524"},{"taxonomy":"post_tag","embeddable":true,"href":"https:\/\/www.ecuadortimes.net\/es\/wp-json\/wp\/v2\/tags?post=236524"}],"curies":[{"name":"wp","href":"https:\/\/api.w.org\/{rel}","templated":true}]}}